{"id":9278,"date":"2025-08-26T01:36:43","date_gmt":"2025-08-26T04:36:43","guid":{"rendered":"https:\/\/news.siteinfinito.com.br\/?p=9278"},"modified":"2025-08-26T01:36:43","modified_gmt":"2025-08-26T04:36:43","slug":"em-formatura-do-programa-caminho-da-capacitacao-tarcisio-se-compromete-a-resolver-problema-da-ete-em-pirajui","status":"publish","type":"post","link":"https:\/\/news.siteinfinito.com.br\/?p=9278","title":{"rendered":"Em formatura do programa Caminho da Capacita\u00e7\u00e3o, Tarc\u00edsio se compromete a resolver problema da ETE em Piraju\u00ed\u00a0"},"content":{"rendered":"\n<p><em>Acompanhado da primeira-dama Cristiane Freitas, g<\/em><em>overnador de S\u00e3o Paulo<\/em><em>&nbsp;esteve na cidade neste s\u00e1bado<\/em><em>&nbsp;(23)<\/em><em>: \u2018<\/em><em>a gente vai resolver\u2019<\/em><em><\/em><\/p>\n\n\n\n<p><a><\/a>Durante a formatura de mais de 400&nbsp;alunos do&nbsp;sexto ciclo do&nbsp;programa Caminho da Capacita\u00e7\u00e3o, na&nbsp;manh\u00e3&nbsp;de s\u00e1bado (23),&nbsp;no Gin\u00e1sio&nbsp;de Esportes Satilio de Lima&nbsp;(Gigant\u00e3o),&nbsp;em&nbsp;Piraju\u00ed, o governador Tarc\u00edsio de Freitas&nbsp;garantiu&nbsp;que ir\u00e1 se movimentar para&nbsp;que&nbsp;as obras referentes \u00e0 Esta\u00e7\u00e3o de Tratamento de Esgoto (ETE) da cidade&nbsp;sejam viabilizadas.&nbsp;\u201cEu n\u00e3o sei como, nem quando.&nbsp;S\u00f3 sei que a gente vai resolver o problema da sua lagoa de tratamento\u201d, disse, direcionando sua fala&nbsp;\u00e0 prefeita Rosa Santos.&nbsp;<\/p>\n\n\n\n<p>\u201cO munic\u00edpio, de repente, n\u00e3o vai conseguir resolver sozinho, mas&nbsp;n\u00f3s vamos conseguir resolver esse problema juntos, com certeza. Eu vou resolver esse problema junto com o Madalena. Ele vai me ajudar\u201d,continuou o governador, ao se referir ao deputado estadual Ricardo Madalena, presente no evento.<\/p>\n\n\n\n<p>Com a presen\u00e7a da&nbsp;primeira-dama e presidente do Fundo Social de S\u00e3o Paulo, Cristiane Freitas,&nbsp;a cerim\u00f4nia de formatura de alunos de Piraju\u00ed e outros cinco munic\u00edpios reuniu, ainda,&nbsp;diversas autoridades, como vereadores, secret\u00e1rios,&nbsp;representantes de&nbsp;associa\u00e7\u00f5es&nbsp;e&nbsp;do setor privado.&nbsp;<\/p>\n\n\n\n<p>Aos formandos, Tarc\u00edsio ressaltou o objetivo do programa&nbsp;de&nbsp;abrir&nbsp;portas&nbsp;para o mercado de trabalho, cada vez mais concorrido. \u201cA nossa inten\u00e7\u00e3o \u00e9 dar mais op\u00e7\u00f5es. A gente quer caminhar junto com voc\u00eas, fazer essa travessia juntos. Queremos que voc\u00eas prosperem e sejam muito felizes\u201d, desejou.&nbsp;<\/p>\n\n\n\n<p><strong>\u2018Dia hist\u00f3rico\u2019<\/strong><\/p>\n\n\n\n<p>A prefeita Rosa Santos definiu o evento de formatura como \u201cum dia hist\u00f3rico para a nossa cidade\u201d. \u201cReceber o governador do estado \u00e9 um marco. H\u00e1 anos n\u00e3o t\u00ednhamos a visita de uma autoridade estadual em nossa cidade. Piraju\u00ed, at\u00e9 pouco tempo atr\u00e1s, estava esquecida, mas hoje, com muito esfor\u00e7o, \u00e9 poss\u00edvel&nbsp;transformar. Mostramos que a \u2018Cidade Jardim\u2019 voltou a florescer e est\u00e1 sendo cuidada com justi\u00e7a, responsabilidade e, acima de tudo, com muito amor\u201d, declarou Santos.&nbsp;<\/p>\n\n\n\n<p>Idealizadora do programa Caminho da Capacita\u00e7\u00e3o,&nbsp;a primeira-dama&nbsp;do Estado,&nbsp;Cristiane Freitas, falou&nbsp;da decis\u00e3o,&nbsp;por parte dos&nbsp;formandos,&nbsp;de&nbsp;buscar qualifica\u00e7\u00e3o e crescimento profissional. \u201cHoje, n\u00f3s celebramos essas sementes que florescem. Cada um de voc\u00eas, que est\u00e1 aqui formando-se, fez uma escolha: escolheu acreditar em si,&nbsp;escolheu aprender,&nbsp;evoluir e recome\u00e7ar\u201d,&nbsp;elencou.&nbsp;<\/p>\n\n\n\n<p>Os formandos conclu\u00edram&nbsp;diversos&nbsp;cursos&nbsp;deTecnologia e Inova\u00e7\u00e3o,&nbsp;soldagem, manicure e pedicure, design de sobrancelhas&nbsp;oferecidos em carretas m\u00f3veis adaptadas como salas de aula&nbsp;em Piraju\u00ed,&nbsp;Balbinos, Cafel\u00e2ndia, Guarant\u00e3, Regin\u00f3polis e Sabino.&nbsp;No per\u00edodo da tarde,&nbsp;o governador e a primeira-dama estiveram&nbsp;em Bauru, para a formatura dos alunos de Bauru,&nbsp;Ava\u00ed, Duartina, Iacanga, Paulist\u00e2nia e Piratininga.&nbsp;<\/p>\n\n\n\n<p><strong>Lagoa de tratamento<\/strong><\/p>\n\n\n\n<p>Os moradores de Piraju\u00ed convivem, h\u00e1 d\u00e9cadas,&nbsp;com um problema cr\u00f4nico de saneamento: a necessidade da&nbsp;constru\u00e7\u00e3o de emiss\u00e1rios&nbsp;para&nbsp;interligarem-se \u00e0s quatro lagoas de estabiliza\u00e7\u00e3o de esgoto j\u00e1 conclu\u00eddas no munic\u00edpio.&nbsp;&nbsp;<\/p>\n\n\n\n<p>Durante a visita do governador Tarc\u00edsio de Freitas \u00e0 cidade, no&nbsp;s\u00e1bado (23), a prefeita Rosa Santos pediu suporte do governo estadual para resolver o impasse. Em discurso aos formandos e autoridades, Tarc\u00edsio garantiu que ir\u00e1 olhar para a quest\u00e3o e buscar solu\u00e7\u00f5es.&nbsp;<\/p>\n\n\n\n<p>\u201cQuando a gente der o primeiro passo na dire\u00e7\u00e3o do saneamento b\u00e1sico, outros passos ser\u00e3o dados. Outras portas v\u00e3o se abrir. Outros neg\u00f3cios v\u00e3o vir para Piraju\u00ed.\u00a0Sabemos que essa regi\u00e3o tem muito potencial e \u00e9 pr\u00f3spera no agroneg\u00f3cio. Essa regi\u00e3o pode dar saltos ainda maiores. Ent\u00e3o, se est\u00e1 faltando\u00a0\u00e1gua em tratamento e\u00a0o\u00a0saneamento b\u00e1sico \u00e9 uma prioridade para o munic\u00edpio, n\u00f3s vamos fazer\u201d, refor\u00e7ou o governador de S\u00e3o Paulo. \u00a0<br>Fonte: Prefeitura de Piraju\u00ed<\/p>\n","protected":false},"excerpt":{"rendered":"<p>Acompanhado da primeira-dama Cristiane Freitas, governador de S\u00e3o Paulo&nbsp;esteve na cidade neste s\u00e1bado&nbsp;(23): \u2018a gente vai resolver\u2019 Durante a formatura de mais de 400&nbsp;alunos do&nbsp;sexto ciclo do&nbsp;programa Caminho da Capacita\u00e7\u00e3o, na&nbsp;manh\u00e3&nbsp;de s\u00e1bado (23),&nbsp;no Gin\u00e1sio&nbsp;de Esportes Satilio de Lima&nbsp;(Gigant\u00e3o),&nbsp;em&nbsp;Piraju\u00ed, o governador Tarc\u00edsio de Freitas&nbsp;garantiu&nbsp;que ir\u00e1 se movimentar para&nbsp;que&nbsp;as obras referentes \u00e0 Esta\u00e7\u00e3o de Tratamento de Esgoto [&hellip;]<\/p>\n","protected":false},"author":1,"featured_media":9279,"comment_status":"open","ping_status":"open","sticky":false,"template":"","format":"standard","meta":{"om_disable_all_campaigns":false,"_monsterinsights_skip_tracking":false,"_monsterinsights_sitenote_active":false,"_monsterinsights_sitenote_note":"","_monsterinsights_sitenote_category":0,"footnotes":""},"categories":[4,1,14],"tags":[19,20,26],"class_list":["post-9278","post","type-post","status-publish","format-standard","has-post-thumbnail","hentry","category-coluna-social","category-destaques","category-noticias","tag-pirajui","tag-pirajui-2","tag-pirajuinews"],"_links":{"self":[{"href":"https:\/\/news.siteinfinito.com.br\/index.php?rest_route=\/wp\/v2\/posts\/9278","targetHints":{"allow":["GET"]}}],"collection":[{"href":"https:\/\/news.siteinfinito.com.br\/index.php?rest_route=\/wp\/v2\/posts"}],"about":[{"href":"https:\/\/news.siteinfinito.com.br\/index.php?rest_route=\/wp\/v2\/types\/post"}],"author":[{"embeddable":true,"href":"https:\/\/news.siteinfinito.com.br\/index.php?rest_route=\/wp\/v2\/users\/1"}],"replies":[{"embeddable":true,"href":"https:\/\/news.siteinfinito.com.br\/index.php?rest_route=%2Fwp%2Fv2%2Fcomments&post=9278"}],"version-history":[{"count":1,"href":"https:\/\/news.siteinfinito.com.br\/index.php?rest_route=\/wp\/v2\/posts\/9278\/revisions"}],"predecessor-version":[{"id":9280,"href":"https:\/\/news.siteinfinito.com.br\/index.php?rest_route=\/wp\/v2\/posts\/9278\/revisions\/9280"}],"wp:featuredmedia":[{"embeddable":true,"href":"https:\/\/news.siteinfinito.com.br\/index.php?rest_route=\/wp\/v2\/media\/9279"}],"wp:attachment":[{"href":"https:\/\/news.siteinfinito.com.br\/index.php?rest_route=%2Fwp%2Fv2%2Fmedia&parent=9278"}],"wp:term":[{"taxonomy":"category","embeddable":true,"href":"https:\/\/news.siteinfinito.com.br\/index.php?rest_route=%2Fwp%2Fv2%2Fcategories&post=9278"},{"taxonomy":"post_tag","embeddable":true,"href":"https:\/\/news.siteinfinito.com.br\/index.php?rest_route=%2Fwp%2Fv2%2Ftags&post=9278"}],"curies":[{"name":"wp","href":"https:\/\/api.w.org\/{rel}","templated":true}]}}