{"id":8912,"date":"2025-06-21T09:55:09","date_gmt":"2025-06-21T12:55:09","guid":{"rendered":"https:\/\/news.siteinfinito.com.br\/?p=8912"},"modified":"2025-06-21T09:55:09","modified_gmt":"2025-06-21T12:55:09","slug":"comunidade-catolica-de-pirajui-inicia-restauracao-da-capela-sao-sebastiao-no-distrito-da-corredeira","status":"publish","type":"post","link":"https:\/\/news.siteinfinito.com.br\/?p=8912","title":{"rendered":"Comunidade Cat\u00f3lica de Piraju\u00ed inicia restaura\u00e7\u00e3o da Capela S\u00e3o Sebasti\u00e3o, no Distrito da Corredeira"},"content":{"rendered":"\n<p>Com a uni\u00e3o e o empenho dos fi\u00e9is, a comunidade cat\u00f3lica do Distrito da Corredeira deu in\u00edcio \u00e0s obras de restaura\u00e7\u00e3o da Capela S\u00e3o Benedito.<br>A reforma contempla a pintura interna e externa do templo, um importante espa\u00e7o de f\u00e9 e conviv\u00eancia da regi\u00e3o.<\/p>\n\n\n\n<p>O projeto s\u00f3 foi poss\u00edvel gra\u00e7as \u00e0 colabora\u00e7\u00e3o dos paroquianos, com destaque especial para os dizimistas, cujo apoio tem sido essencial para a realiza\u00e7\u00e3o das melhorias.<\/p>\n\n\n\n<p>&#8220;Louvado seja nosso Senhor Jesus Cristo! Seguimos com as b\u00ean\u00e7\u00e3os de Deus e com o cora\u00e7\u00e3o grato por cada contribui\u00e7\u00e3o que torna esta obra poss\u00edvel&#8221;, declarou o representante da comunidade em rede social.<\/p>\n\n\n\n<p>A revitaliza\u00e7\u00e3o da capela representa n\u00e3o apenas a preserva\u00e7\u00e3o do patrim\u00f4nio religioso, mas tamb\u00e9m o fortalecimento da f\u00e9 e da uni\u00e3o entre os moradores do distrito.<\/p>\n\n\n\n<p>Fonte: Piraju\u00edNews<\/p>\n","protected":false},"excerpt":{"rendered":"<p>Com a uni\u00e3o e o empenho dos fi\u00e9is, a comunidade cat\u00f3lica do Distrito da Corredeira deu in\u00edcio \u00e0s obras de restaura\u00e7\u00e3o da Capela S\u00e3o Benedito.A reforma contempla a pintura interna e externa do templo, um importante espa\u00e7o de f\u00e9 e conviv\u00eancia da regi\u00e3o. O projeto s\u00f3 foi poss\u00edvel gra\u00e7as \u00e0 colabora\u00e7\u00e3o dos paroquianos, com destaque [&hellip;]<\/p>\n","protected":false},"author":1,"featured_media":8914,"comment_status":"open","ping_status":"open","sticky":false,"template":"","format":"standard","meta":{"om_disable_all_campaigns":false,"_monsterinsights_skip_tracking":false,"_monsterinsights_sitenote_active":false,"_monsterinsights_sitenote_note":"","_monsterinsights_sitenote_category":0,"footnotes":""},"categories":[1,14],"tags":[20,26,80],"class_list":["post-8912","post","type-post","status-publish","format-standard","has-post-thumbnail","hentry","category-destaques","category-noticias","tag-pirajui-2","tag-pirajuinews","tag-sp"],"_links":{"self":[{"href":"https:\/\/news.siteinfinito.com.br\/index.php?rest_route=\/wp\/v2\/posts\/8912","targetHints":{"allow":["GET"]}}],"collection":[{"href":"https:\/\/news.siteinfinito.com.br\/index.php?rest_route=\/wp\/v2\/posts"}],"about":[{"href":"https:\/\/news.siteinfinito.com.br\/index.php?rest_route=\/wp\/v2\/types\/post"}],"author":[{"embeddable":true,"href":"https:\/\/news.siteinfinito.com.br\/index.php?rest_route=\/wp\/v2\/users\/1"}],"replies":[{"embeddable":true,"href":"https:\/\/news.siteinfinito.com.br\/index.php?rest_route=%2Fwp%2Fv2%2Fcomments&post=8912"}],"version-history":[{"count":1,"href":"https:\/\/news.siteinfinito.com.br\/index.php?rest_route=\/wp\/v2\/posts\/8912\/revisions"}],"predecessor-version":[{"id":8915,"href":"https:\/\/news.siteinfinito.com.br\/index.php?rest_route=\/wp\/v2\/posts\/8912\/revisions\/8915"}],"wp:featuredmedia":[{"embeddable":true,"href":"https:\/\/news.siteinfinito.com.br\/index.php?rest_route=\/wp\/v2\/media\/8914"}],"wp:attachment":[{"href":"https:\/\/news.siteinfinito.com.br\/index.php?rest_route=%2Fwp%2Fv2%2Fmedia&parent=8912"}],"wp:term":[{"taxonomy":"category","embeddable":true,"href":"https:\/\/news.siteinfinito.com.br\/index.php?rest_route=%2Fwp%2Fv2%2Fcategories&post=8912"},{"taxonomy":"post_tag","embeddable":true,"href":"https:\/\/news.siteinfinito.com.br\/index.php?rest_route=%2Fwp%2Fv2%2Ftags&post=8912"}],"curies":[{"name":"wp","href":"https:\/\/api.w.org\/{rel}","templated":true}]}}