{"id":7533,"date":"2024-08-02T18:37:07","date_gmt":"2024-08-02T21:37:07","guid":{"rendered":"https:\/\/news.siteinfinito.com.br\/?p=7533"},"modified":"2024-08-02T18:37:07","modified_gmt":"2024-08-02T21:37:07","slug":"governo-de-sao-paulo-apresenta-projeto-que-cria-policia-penal-do-estado","status":"publish","type":"post","link":"https:\/\/news.siteinfinito.com.br\/?p=7533","title":{"rendered":"Governo de S\u00e3o Paulo apresenta projeto que cria Pol\u00edcia Penal do Estado"},"content":{"rendered":"\n<p><em>Projeto de Lei Complementar estabelece categoria como \u00f3rg\u00e3o permanente de seguran\u00e7a p\u00fablica; proposta ser\u00e1 discutida na Alesp<\/em><\/p>\n\n\n\n<p>O Governo de S\u00e3o Paulo enviou \u00e0 Assembleia Legislativa (Alesp) o Projeto de Lei Complementar que cria a Pol\u00edcia Penal no estado. A proposta agora passar\u00e1 a ser discutida entre os parlamentares. A Secretaria de Administra\u00e7\u00e3o Penitenci\u00e1ria (SAP) tem atualmente a cust\u00f3dia de 201.233 presos, entre 182 unidades na capital e no interior do estado.<\/p>\n\n\n\n<p>Al\u00e9m de unificar as categorias de Agente de Seguran\u00e7a Penitenci\u00e1ria (ASP) e Agente de Escolta e Vigil\u00e2ncia Penitenci\u00e1ria (AEVP) em uma \u00fanica carreira, a nova legisla\u00e7\u00e3o estabelece a Pol\u00edcia Penal como \u00f3rg\u00e3o permanente de seguran\u00e7a p\u00fablica, elevando-a ao mesmo patamar de import\u00e2ncia das pol\u00edcias Militar, Civil e T\u00e9cnico-Cient\u00edfica.<\/p>\n\n\n\n<p>\u201c\u00c9 um projeto complexo. A categoria tem cerca de 26 mil servidores e \u00e9 fundamental que a carreira seja regulamentada. Com muito di\u00e1logo com os trabalhadores e o parlamento, fizemos um grande trabalho de constru\u00e7\u00e3o da regulamenta\u00e7\u00e3o da Pol\u00edcia Penal, que \u00e9 um segmento importante para a nossa seguran\u00e7a p\u00fablica, e agora, efetivamente, n\u00f3s vamos ter uma Pol\u00edcia Penal no estado de S\u00e3o Paulo\u201d, afirma o governador Tarc\u00edsio de Freitas.<\/p>\n\n\n\n<p>A nova fun\u00e7\u00e3o ter\u00e1 reajuste salarial em rela\u00e7\u00e3o aos cargos anteriores. Em m\u00e9dia, os reajustes ser\u00e3o de 23% para os antigos ASPs e de 33% para os antigos AEVPs. Fun\u00e7\u00f5es de confian\u00e7a, como diretores de diversos n\u00edveis, tamb\u00e9m receber\u00e3o remunera\u00e7\u00e3o superior \u00e0 praticada atualmente. A Corregedoria ter\u00e1 exclusivamente policiais penais e sistema de remunera\u00e7\u00e3o conforme determina\u00e7\u00e3o da Constitui\u00e7\u00e3o Federal.<\/p>\n\n\n\n<p>A Pol\u00edcia Penal e sua Corregedoria ser\u00e3o dirigidos por servidores de carreira policial. Para ingresso na nova institui\u00e7\u00e3o, os candidatos dever\u00e3o ter n\u00edvel superior de ensino. Qualifica\u00e7\u00e3o e especializa\u00e7\u00e3o tamb\u00e9m ser\u00e3o aspectos valorizados para a progress\u00e3o de carreira.<\/p>\n\n\n\n<p>\u201c\u00c9 compromisso da gest\u00e3o fortalecer as for\u00e7as de seguran\u00e7a paulistas. Aumentar efetivos, melhorar as remunera\u00e7\u00f5es, aprimorar os mecanismos de intelig\u00eancia com novas tecnologias e inova\u00e7\u00f5es e fortalecer nossos agentes da Administra\u00e7\u00e3o Penitenci\u00e1ria, agora com a cria\u00e7\u00e3o da Pol\u00edcia Penal\u201d, afirma o secret\u00e1rio da SAP, Marcello Streifinger.<\/p>\n\n\n\n<p>Com a nova Pol\u00edcia Penal, o Governo de S\u00e3o Paulo avan\u00e7a no processo de Moderniza\u00e7\u00e3o da Administra\u00e7\u00e3o P\u00fablica, um dos eixos centrais do programa S\u00e3o Paulo na Dire\u00e7\u00e3o Certa, que busca garantir mais efici\u00eancia na gest\u00e3o.<\/p>\n\n\n\n<p>Fonte: site Gov SP<\/p>\n","protected":false},"excerpt":{"rendered":"<p>Projeto de Lei Complementar estabelece categoria como \u00f3rg\u00e3o permanente de seguran\u00e7a p\u00fablica; proposta ser\u00e1 discutida na Alesp O Governo de S\u00e3o Paulo enviou \u00e0 Assembleia Legislativa (Alesp) o Projeto de Lei Complementar que cria a Pol\u00edcia Penal no estado. A proposta agora passar\u00e1 a ser discutida entre os parlamentares. A Secretaria de Administra\u00e7\u00e3o Penitenci\u00e1ria (SAP) [&hellip;]<\/p>\n","protected":false},"author":1,"featured_media":7534,"comment_status":"open","ping_status":"open","sticky":false,"template":"","format":"standard","meta":{"om_disable_all_campaigns":false,"_monsterinsights_skip_tracking":false,"_monsterinsights_sitenote_active":false,"_monsterinsights_sitenote_note":"","_monsterinsights_sitenote_category":0,"footnotes":""},"categories":[14,15],"tags":[19,20,26,246,247,80],"class_list":["post-7533","post","type-post","status-publish","format-standard","has-post-thumbnail","hentry","category-noticias","category-policial","tag-pirajui","tag-pirajui-2","tag-pirajuinews","tag-policiapenal","tag-saopaulo","tag-sp"],"_links":{"self":[{"href":"https:\/\/news.siteinfinito.com.br\/index.php?rest_route=\/wp\/v2\/posts\/7533","targetHints":{"allow":["GET"]}}],"collection":[{"href":"https:\/\/news.siteinfinito.com.br\/index.php?rest_route=\/wp\/v2\/posts"}],"about":[{"href":"https:\/\/news.siteinfinito.com.br\/index.php?rest_route=\/wp\/v2\/types\/post"}],"author":[{"embeddable":true,"href":"https:\/\/news.siteinfinito.com.br\/index.php?rest_route=\/wp\/v2\/users\/1"}],"replies":[{"embeddable":true,"href":"https:\/\/news.siteinfinito.com.br\/index.php?rest_route=%2Fwp%2Fv2%2Fcomments&post=7533"}],"version-history":[{"count":1,"href":"https:\/\/news.siteinfinito.com.br\/index.php?rest_route=\/wp\/v2\/posts\/7533\/revisions"}],"predecessor-version":[{"id":7535,"href":"https:\/\/news.siteinfinito.com.br\/index.php?rest_route=\/wp\/v2\/posts\/7533\/revisions\/7535"}],"wp:featuredmedia":[{"embeddable":true,"href":"https:\/\/news.siteinfinito.com.br\/index.php?rest_route=\/wp\/v2\/media\/7534"}],"wp:attachment":[{"href":"https:\/\/news.siteinfinito.com.br\/index.php?rest_route=%2Fwp%2Fv2%2Fmedia&parent=7533"}],"wp:term":[{"taxonomy":"category","embeddable":true,"href":"https:\/\/news.siteinfinito.com.br\/index.php?rest_route=%2Fwp%2Fv2%2Fcategories&post=7533"},{"taxonomy":"post_tag","embeddable":true,"href":"https:\/\/news.siteinfinito.com.br\/index.php?rest_route=%2Fwp%2Fv2%2Ftags&post=7533"}],"curies":[{"name":"wp","href":"https:\/\/api.w.org\/{rel}","templated":true}]}}