{"id":5253,"date":"2024-05-06T16:57:35","date_gmt":"2024-05-06T19:57:35","guid":{"rendered":"https:\/\/news.siteinfinito.com.br\/?p=5253"},"modified":"2024-05-06T16:57:35","modified_gmt":"2024-05-06T19:57:35","slug":"cia-teatral-cenas-realiza-peca-ele-vive","status":"publish","type":"post","link":"https:\/\/news.siteinfinito.com.br\/?p=5253","title":{"rendered":"Cia Teatral Cenas realiza pe\u00e7a \u201cEle Vive\u201d"},"content":{"rendered":"\n<p>A poucos dias da estreia, a Cia Teatral Cenas, coordenada pelo diretor Osmar Nunes, est\u00e1 imersa na prepara\u00e7\u00e3o do espet\u00e1culo &#8220;Ele vive&#8221;. O evento est\u00e1 programado para acontecer no Espa\u00e7o Cultural na Vila Abel de Oliveira, com entrada franca, por\u00e9m, com uma audi\u00eancia limitada e recomenda\u00e7\u00e3o et\u00e1ria de 12 anos.&nbsp;<\/p>\n\n\n\n<p>As apresenta\u00e7\u00f5es est\u00e3o marcadas para os dias 8, 9 e 10 de maio. O espet\u00e1culo promete uma experi\u00eancia \u00fanica ao misturar elementos da \u00e9poca Judaica com o contempor\u00e2neo, destacando a relev\u00e2ncia e semelhan\u00e7as entre essas duas eras. Com uma mensagem de f\u00e9 e amor, a pe\u00e7a tamb\u00e9m aborda trechos da vida de Jesus, com um elenco formado por talentosos atores locais, que dedicam seu empenho para oferecer arte e cultura \u00e0 comunidade.<\/p>\n\n\n\n<p>A expectativa \u00e9 grande para a estreia do espet\u00e1culo, que representa n\u00e3o apenas uma oportunidade para apreciar uma produ\u00e7\u00e3o teatral de qualidade, mas tamb\u00e9m uma reflex\u00e3o sobre temas atemporais e universais. O enredo, que entrela\u00e7a passado e presente, oferece ao p\u00fablico uma jornada emocionante e inspiradora, repleta de significado e relev\u00e2ncia para os dias de hoje.<\/p>\n\n\n\n<p>Elenco:&nbsp;Osmar Nunes, Lucas Oliveira, Victor Augusto, Philippe Correia, Emanuel Reis, Emanuely Sim\u00f5es, J\u00falia Santiago, Lucas Coronado, J\u00falia Moro, Guilherme Mustafa, Pamella Carvalho, Felipe Santos, Isabela Santos, Mariana Santos, Diego Felipe, Eduardo Gabriel e Eduarda Marcelli.<\/p>\n\n\n\n<p>Servi\u00e7o<\/p>\n\n\n\n<p>Evento: Teatro &#8220;Ele vive&#8221;<br>Local: Espa\u00e7o Cultural da Vila Abel<br>Dia e hora: 8, 9 e 10 de maio, \u00e0s 19h40o<\/p>\n\n\n\n<figure class=\"wp-block-image size-full\"><img loading=\"lazy\" decoding=\"async\" width=\"720\" height=\"693\" src=\"http:\/\/news.siteinfinito.com.br\/wp-content\/uploads\/2024\/05\/35f4d29d-8f0a-42c8-93a3-b2a29f0ecdec.jpeg\" alt=\"\" class=\"wp-image-5254\" srcset=\"https:\/\/news.siteinfinito.com.br\/wp-content\/uploads\/2024\/05\/35f4d29d-8f0a-42c8-93a3-b2a29f0ecdec.jpeg 720w, https:\/\/news.siteinfinito.com.br\/wp-content\/uploads\/2024\/05\/35f4d29d-8f0a-42c8-93a3-b2a29f0ecdec-300x289.jpeg 300w\" sizes=\"auto, (max-width: 720px) 100vw, 720px\" \/><\/figure>\n","protected":false},"excerpt":{"rendered":"<p>A poucos dias da estreia, a Cia Teatral Cenas, coordenada pelo diretor Osmar Nunes, est\u00e1 imersa na prepara\u00e7\u00e3o do espet\u00e1culo &#8220;Ele vive&#8221;. O evento est\u00e1 programado para acontecer no Espa\u00e7o Cultural na Vila Abel de Oliveira, com entrada franca, por\u00e9m, com uma audi\u00eancia limitada e recomenda\u00e7\u00e3o et\u00e1ria de 12 anos.&nbsp; As apresenta\u00e7\u00f5es est\u00e3o marcadas para [&hellip;]<\/p>\n","protected":false},"author":1,"featured_media":5255,"comment_status":"open","ping_status":"open","sticky":false,"template":"","format":"standard","meta":{"om_disable_all_campaigns":false,"_monsterinsights_skip_tracking":false,"_monsterinsights_sitenote_active":false,"_monsterinsights_sitenote_note":"","_monsterinsights_sitenote_category":0,"footnotes":""},"categories":[1],"tags":[19,20,26,75],"class_list":["post-5253","post","type-post","status-publish","format-standard","has-post-thumbnail","hentry","category-destaques","tag-pirajui","tag-pirajui-2","tag-pirajuinews","tag-prefeitura"],"_links":{"self":[{"href":"https:\/\/news.siteinfinito.com.br\/index.php?rest_route=\/wp\/v2\/posts\/5253","targetHints":{"allow":["GET"]}}],"collection":[{"href":"https:\/\/news.siteinfinito.com.br\/index.php?rest_route=\/wp\/v2\/posts"}],"about":[{"href":"https:\/\/news.siteinfinito.com.br\/index.php?rest_route=\/wp\/v2\/types\/post"}],"author":[{"embeddable":true,"href":"https:\/\/news.siteinfinito.com.br\/index.php?rest_route=\/wp\/v2\/users\/1"}],"replies":[{"embeddable":true,"href":"https:\/\/news.siteinfinito.com.br\/index.php?rest_route=%2Fwp%2Fv2%2Fcomments&post=5253"}],"version-history":[{"count":1,"href":"https:\/\/news.siteinfinito.com.br\/index.php?rest_route=\/wp\/v2\/posts\/5253\/revisions"}],"predecessor-version":[{"id":5256,"href":"https:\/\/news.siteinfinito.com.br\/index.php?rest_route=\/wp\/v2\/posts\/5253\/revisions\/5256"}],"wp:featuredmedia":[{"embeddable":true,"href":"https:\/\/news.siteinfinito.com.br\/index.php?rest_route=\/wp\/v2\/media\/5255"}],"wp:attachment":[{"href":"https:\/\/news.siteinfinito.com.br\/index.php?rest_route=%2Fwp%2Fv2%2Fmedia&parent=5253"}],"wp:term":[{"taxonomy":"category","embeddable":true,"href":"https:\/\/news.siteinfinito.com.br\/index.php?rest_route=%2Fwp%2Fv2%2Fcategories&post=5253"},{"taxonomy":"post_tag","embeddable":true,"href":"https:\/\/news.siteinfinito.com.br\/index.php?rest_route=%2Fwp%2Fv2%2Ftags&post=5253"}],"curies":[{"name":"wp","href":"https:\/\/api.w.org\/{rel}","templated":true}]}}