{"id":4930,"date":"2024-04-17T16:55:41","date_gmt":"2024-04-17T19:55:41","guid":{"rendered":"https:\/\/news.siteinfinito.com.br\/?p=4930"},"modified":"2024-04-17T16:55:42","modified_gmt":"2024-04-17T19:55:42","slug":"mes-de-conscientizacao-ao-autismo-promove-roda-de-conversa-e-palestra-com-especialista","status":"publish","type":"post","link":"https:\/\/news.siteinfinito.com.br\/?p=4930","title":{"rendered":"M\u00eas de Conscientiza\u00e7\u00e3o ao Autismo promove roda de conversa e palestra com especialista"},"content":{"rendered":"\n<p>Confira abaixo a programa\u00e7\u00e3o do Abril Azul, o M\u00eas de Conscientiza\u00e7\u00e3o ao Autismo. Ambos os eventos s\u00e3o gratuitos.<\/p>\n\n\n\n<p>Evento: Roda de Conversa &#8211; Fam\u00edlias At\u00edpicas &#8211; Apresenta\u00e7\u00e3o do protocolo de atendimento \u00e0 pessoa com autismo.<br>Dia e hora:&nbsp;18\/04 &#8211; \u00e0s 17h<br>Local: no Centro de Aten\u00e7\u00e3o Psicossocial (CAPS), na Avenida Rui Barbosa Lima, n\u00ba 890, no Centro de Piraju\u00ed.<\/p>\n\n\n\n<p>Evento: Palestra sobre Transtorno do Espectro Autista &#8211; &#8220;O Autismo em Minha Vida&#8221;, ministrada por Andr\u00e9a Werner, Deputada Estadual, Jornalista, Escritora e Ativista pelos direitos dos autistas.<br>Dia e hora: 19\/04, \u00e0s 19h<br>Local: Parque Clube de Piraju\u00ed<\/p>\n\n\n\n<p>Fonte: Piraju\u00edNews<\/p>\n\n\n\n<figure class=\"wp-block-image aligncenter size-large\"><img loading=\"lazy\" decoding=\"async\" width=\"1024\" height=\"1024\" src=\"http:\/\/news.siteinfinito.com.br\/wp-content\/uploads\/2024\/04\/f38f501a-52da-43d7-8657-2f5ece0a179e-1024x1024.jpeg\" alt=\"\" class=\"wp-image-4932\" srcset=\"https:\/\/news.siteinfinito.com.br\/wp-content\/uploads\/2024\/04\/f38f501a-52da-43d7-8657-2f5ece0a179e-1024x1024.jpeg 1024w, https:\/\/news.siteinfinito.com.br\/wp-content\/uploads\/2024\/04\/f38f501a-52da-43d7-8657-2f5ece0a179e-300x300.jpeg 300w, https:\/\/news.siteinfinito.com.br\/wp-content\/uploads\/2024\/04\/f38f501a-52da-43d7-8657-2f5ece0a179e-150x150.jpeg 150w, https:\/\/news.siteinfinito.com.br\/wp-content\/uploads\/2024\/04\/f38f501a-52da-43d7-8657-2f5ece0a179e-768x768.jpeg 768w, https:\/\/news.siteinfinito.com.br\/wp-content\/uploads\/2024\/04\/f38f501a-52da-43d7-8657-2f5ece0a179e.jpeg 1080w\" sizes=\"auto, (max-width: 1024px) 100vw, 1024px\" \/><figcaption class=\"wp-element-caption\">Evento sobre autismo<\/figcaption><\/figure>\n\n\n\n<figure class=\"wp-block-image aligncenter size-large\"><img loading=\"lazy\" decoding=\"async\" width=\"1024\" height=\"1024\" src=\"http:\/\/news.siteinfinito.com.br\/wp-content\/uploads\/2024\/04\/44ffe6c9-85de-4daf-b206-85d00938c368-1024x1024.jpeg\" alt=\"\" class=\"wp-image-4933\" srcset=\"https:\/\/news.siteinfinito.com.br\/wp-content\/uploads\/2024\/04\/44ffe6c9-85de-4daf-b206-85d00938c368-1024x1024.jpeg 1024w, https:\/\/news.siteinfinito.com.br\/wp-content\/uploads\/2024\/04\/44ffe6c9-85de-4daf-b206-85d00938c368-300x300.jpeg 300w, https:\/\/news.siteinfinito.com.br\/wp-content\/uploads\/2024\/04\/44ffe6c9-85de-4daf-b206-85d00938c368-150x150.jpeg 150w, https:\/\/news.siteinfinito.com.br\/wp-content\/uploads\/2024\/04\/44ffe6c9-85de-4daf-b206-85d00938c368-768x768.jpeg 768w, https:\/\/news.siteinfinito.com.br\/wp-content\/uploads\/2024\/04\/44ffe6c9-85de-4daf-b206-85d00938c368.jpeg 1080w\" sizes=\"auto, (max-width: 1024px) 100vw, 1024px\" \/><\/figure>\n\n\n\n<p>o<\/p>\n","protected":false},"excerpt":{"rendered":"<p>Confira abaixo a programa\u00e7\u00e3o do Abril Azul, o M\u00eas de Conscientiza\u00e7\u00e3o ao Autismo. Ambos os eventos s\u00e3o gratuitos. Evento: Roda de Conversa &#8211; Fam\u00edlias At\u00edpicas &#8211; Apresenta\u00e7\u00e3o do protocolo de atendimento \u00e0 pessoa com autismo.Dia e hora:&nbsp;18\/04 &#8211; \u00e0s 17hLocal: no Centro de Aten\u00e7\u00e3o Psicossocial (CAPS), na Avenida Rui Barbosa Lima, n\u00ba 890, no Centro [&hellip;]<\/p>\n","protected":false},"author":1,"featured_media":4931,"comment_status":"open","ping_status":"open","sticky":false,"template":"","format":"standard","meta":{"om_disable_all_campaigns":false,"_monsterinsights_skip_tracking":false,"_monsterinsights_sitenote_active":false,"_monsterinsights_sitenote_note":"","_monsterinsights_sitenote_category":0,"footnotes":""},"categories":[6,1,8,3,14],"tags":[70,19,20,26],"class_list":["post-4930","post","type-post","status-publish","format-standard","has-post-thumbnail","hentry","category-cultura","category-destaques","category-eventos","category-fotos","category-noticias","tag-autismo","tag-pirajui","tag-pirajui-2","tag-pirajuinews"],"_links":{"self":[{"href":"https:\/\/news.siteinfinito.com.br\/index.php?rest_route=\/wp\/v2\/posts\/4930","targetHints":{"allow":["GET"]}}],"collection":[{"href":"https:\/\/news.siteinfinito.com.br\/index.php?rest_route=\/wp\/v2\/posts"}],"about":[{"href":"https:\/\/news.siteinfinito.com.br\/index.php?rest_route=\/wp\/v2\/types\/post"}],"author":[{"embeddable":true,"href":"https:\/\/news.siteinfinito.com.br\/index.php?rest_route=\/wp\/v2\/users\/1"}],"replies":[{"embeddable":true,"href":"https:\/\/news.siteinfinito.com.br\/index.php?rest_route=%2Fwp%2Fv2%2Fcomments&post=4930"}],"version-history":[{"count":1,"href":"https:\/\/news.siteinfinito.com.br\/index.php?rest_route=\/wp\/v2\/posts\/4930\/revisions"}],"predecessor-version":[{"id":4934,"href":"https:\/\/news.siteinfinito.com.br\/index.php?rest_route=\/wp\/v2\/posts\/4930\/revisions\/4934"}],"wp:featuredmedia":[{"embeddable":true,"href":"https:\/\/news.siteinfinito.com.br\/index.php?rest_route=\/wp\/v2\/media\/4931"}],"wp:attachment":[{"href":"https:\/\/news.siteinfinito.com.br\/index.php?rest_route=%2Fwp%2Fv2%2Fmedia&parent=4930"}],"wp:term":[{"taxonomy":"category","embeddable":true,"href":"https:\/\/news.siteinfinito.com.br\/index.php?rest_route=%2Fwp%2Fv2%2Fcategories&post=4930"},{"taxonomy":"post_tag","embeddable":true,"href":"https:\/\/news.siteinfinito.com.br\/index.php?rest_route=%2Fwp%2Fv2%2Ftags&post=4930"}],"curies":[{"name":"wp","href":"https:\/\/api.w.org\/{rel}","templated":true}]}}