{"id":4912,"date":"2024-04-12T14:07:18","date_gmt":"2024-04-12T17:07:18","guid":{"rendered":"https:\/\/news.siteinfinito.com.br\/?p=4912"},"modified":"2024-04-12T14:07:45","modified_gmt":"2024-04-12T17:07:45","slug":"coral-viva-voz-se-apresentou-na-rede-vida-de-televisao","status":"publish","type":"post","link":"https:\/\/news.siteinfinito.com.br\/?p=4912","title":{"rendered":"Coral Viva Voz de Piraju\u00ed se apresentou na Rede Vida de Televis\u00e3o"},"content":{"rendered":"\n<p>O Coral Viva Voz, grupo de m\u00fasicos pirajuienses se apresentou, na \u00faltima sexta-feira (5), no canal Rede Vida de Televis\u00e3o, sediada na cidade de S\u00e3o Jos\u00e9 do Rio Preto.&nbsp;<\/p>\n\n\n\n<p>O coro participou da celebra\u00e7\u00e3o da missa realizada no Santu\u00e1rio da Vida, e contou com 23 coralistas, al\u00e9m de pianista e tr\u00eas solistas.&nbsp;<\/p>\n\n\n\n<p>Sob a reg\u00eancia de Rosilene Fonseca Bortoloti, o coral interpretou can\u00e7\u00f5es cat\u00f3licas do grupo Shalom, e de cantores como Marcelo Oliveira, Gilson Celerino, entre outros.<\/p>\n\n\n\n<p>Assista a apresenta\u00e7\u00e3o completa aqui: https:\/\/shre.ink\/8hYt<\/p>\n\n\n\n<p>Parab\u00e9ns ao Coral Viva Voz, sempre levando o nome da Piraju\u00ed por onde vai!!<\/p>\n\n\n\n<p>Fonte: Piraju\u00edNews<\/p>\n\n\n\n<figure class=\"wp-block-image size-full\"><img loading=\"lazy\" decoding=\"async\" width=\"935\" height=\"719\" src=\"http:\/\/news.siteinfinito.com.br\/wp-content\/uploads\/2024\/04\/1aad0a58-2161-47f3-8db3-f104106304d7.jpeg\" alt=\"\" class=\"wp-image-4913\" srcset=\"https:\/\/news.siteinfinito.com.br\/wp-content\/uploads\/2024\/04\/1aad0a58-2161-47f3-8db3-f104106304d7.jpeg 935w, https:\/\/news.siteinfinito.com.br\/wp-content\/uploads\/2024\/04\/1aad0a58-2161-47f3-8db3-f104106304d7-300x231.jpeg 300w, https:\/\/news.siteinfinito.com.br\/wp-content\/uploads\/2024\/04\/1aad0a58-2161-47f3-8db3-f104106304d7-768x591.jpeg 768w\" sizes=\"auto, (max-width: 935px) 100vw, 935px\" \/><\/figure>\n\n\n\n<figure class=\"wp-block-image size-full\"><img loading=\"lazy\" decoding=\"async\" width=\"975\" height=\"575\" src=\"http:\/\/news.siteinfinito.com.br\/wp-content\/uploads\/2024\/04\/606bfec7-f5e6-4ffa-949d-a3b7d0eebd63.jpeg\" alt=\"\" class=\"wp-image-4914\" srcset=\"https:\/\/news.siteinfinito.com.br\/wp-content\/uploads\/2024\/04\/606bfec7-f5e6-4ffa-949d-a3b7d0eebd63.jpeg 975w, https:\/\/news.siteinfinito.com.br\/wp-content\/uploads\/2024\/04\/606bfec7-f5e6-4ffa-949d-a3b7d0eebd63-300x177.jpeg 300w, https:\/\/news.siteinfinito.com.br\/wp-content\/uploads\/2024\/04\/606bfec7-f5e6-4ffa-949d-a3b7d0eebd63-768x453.jpeg 768w\" sizes=\"auto, (max-width: 975px) 100vw, 975px\" \/><\/figure>\n","protected":false},"excerpt":{"rendered":"<p>O Coral Viva Voz, grupo de m\u00fasicos pirajuienses se apresentou, na \u00faltima sexta-feira (5), no canal Rede Vida de Televis\u00e3o, sediada na cidade de S\u00e3o Jos\u00e9 do Rio Preto.&nbsp; O coro participou da celebra\u00e7\u00e3o da missa realizada no Santu\u00e1rio da Vida, e contou com 23 coralistas, al\u00e9m de pianista e tr\u00eas solistas.&nbsp; Sob a reg\u00eancia [&hellip;]<\/p>\n","protected":false},"author":1,"featured_media":4915,"comment_status":"open","ping_status":"open","sticky":false,"template":"","format":"standard","meta":{"om_disable_all_campaigns":false,"_monsterinsights_skip_tracking":false,"_monsterinsights_sitenote_active":false,"_monsterinsights_sitenote_note":"","_monsterinsights_sitenote_category":0,"footnotes":""},"categories":[4,6,1,8,14],"tags":[219,19,20,26,220],"class_list":["post-4912","post","type-post","status-publish","format-standard","has-post-thumbnail","hentry","category-coluna-social","category-cultura","category-destaques","category-eventos","category-noticias","tag-coralvivavoz","tag-pirajui","tag-pirajui-2","tag-pirajuinews","tag-redevida"],"_links":{"self":[{"href":"https:\/\/news.siteinfinito.com.br\/index.php?rest_route=\/wp\/v2\/posts\/4912","targetHints":{"allow":["GET"]}}],"collection":[{"href":"https:\/\/news.siteinfinito.com.br\/index.php?rest_route=\/wp\/v2\/posts"}],"about":[{"href":"https:\/\/news.siteinfinito.com.br\/index.php?rest_route=\/wp\/v2\/types\/post"}],"author":[{"embeddable":true,"href":"https:\/\/news.siteinfinito.com.br\/index.php?rest_route=\/wp\/v2\/users\/1"}],"replies":[{"embeddable":true,"href":"https:\/\/news.siteinfinito.com.br\/index.php?rest_route=%2Fwp%2Fv2%2Fcomments&post=4912"}],"version-history":[{"count":2,"href":"https:\/\/news.siteinfinito.com.br\/index.php?rest_route=\/wp\/v2\/posts\/4912\/revisions"}],"predecessor-version":[{"id":4917,"href":"https:\/\/news.siteinfinito.com.br\/index.php?rest_route=\/wp\/v2\/posts\/4912\/revisions\/4917"}],"wp:featuredmedia":[{"embeddable":true,"href":"https:\/\/news.siteinfinito.com.br\/index.php?rest_route=\/wp\/v2\/media\/4915"}],"wp:attachment":[{"href":"https:\/\/news.siteinfinito.com.br\/index.php?rest_route=%2Fwp%2Fv2%2Fmedia&parent=4912"}],"wp:term":[{"taxonomy":"category","embeddable":true,"href":"https:\/\/news.siteinfinito.com.br\/index.php?rest_route=%2Fwp%2Fv2%2Fcategories&post=4912"},{"taxonomy":"post_tag","embeddable":true,"href":"https:\/\/news.siteinfinito.com.br\/index.php?rest_route=%2Fwp%2Fv2%2Ftags&post=4912"}],"curies":[{"name":"wp","href":"https:\/\/api.w.org\/{rel}","templated":true}]}}