{"id":4064,"date":"2023-12-05T10:58:17","date_gmt":"2023-12-05T13:58:17","guid":{"rendered":"https:\/\/news.siteinfinito.com.br\/?p=4064"},"modified":"2023-12-05T11:02:16","modified_gmt":"2023-12-05T14:02:16","slug":"tarcisio-libera-500-mil-reais-para-pavimentacao-de-ruas-da-vila-ortiz","status":"publish","type":"post","link":"https:\/\/news.siteinfinito.com.br\/?p=4064","title":{"rendered":"Tarc\u00edsio libera 500 mil reais para pavimenta\u00e7\u00e3o de ruas da Vila Ortiz"},"content":{"rendered":"\n<p>Na \u00faltima segunda-feira, 4, o prefeito de Piraju\u00ed, Cesar Fiala, esteve reunido com o governador do Estado de S\u00e3o Paulo, Tarc\u00edsio de Freitas, para assinatura do conv\u00eanio que beneficiar\u00e1 o munic\u00edpio com o valor de 500 mil reais.<\/p>\n\n\n\n<p>A verba ser\u00e1 destinada \u00e0 pavimenta\u00e7\u00e3o asf\u00e1ltica de vias da Vila Ortiz como as Ruas Cear\u00e1 e Volunt\u00e1rio Silvano de Lima. Esses locais s\u00e3o importantes para pessoas que frequentam o Lar de Idosos Bezerra de Menezes, como pacientes e seus familiares.<\/p>\n\n\n\n<p>De acordo com Fiala, o asilo possui 200 pacientes e mais 100 participantes de Equoterapia. Al\u00e9m disso, a Prefeitura, em parceria com a institui\u00e7\u00e3o de sa\u00fade, ir\u00e1 inaugurar o Centro de Terapias Integradas no local, que ir\u00e1 atender Piraju\u00ed e cidades da regi\u00e3o.<\/p>\n\n\n\n<p>Em sua fala, o governador Tarc\u00edsio parabenizou o trabalho do prefeito e disse que \u201co governo do Estado est\u00e1 de portas abertas para Piraju\u00ed\u201d.<\/p>\n\n\n\n<p><em>Fonte: Piraju\u00edNews<\/em><\/p>\n\n\n\n<p><\/p>\n","protected":false},"excerpt":{"rendered":"<p>Na \u00faltima segunda-feira, 4, o prefeito de Piraju\u00ed, Cesar Fiala, esteve reunido com o governador do Estado de S\u00e3o Paulo, Tarc\u00edsio de Freitas, para assinatura do conv\u00eanio que beneficiar\u00e1 o munic\u00edpio com o valor de 500 mil reais. A verba ser\u00e1 destinada \u00e0 pavimenta\u00e7\u00e3o asf\u00e1ltica de vias da Vila Ortiz como as Ruas Cear\u00e1 e [&hellip;]<\/p>\n","protected":false},"author":2,"featured_media":4065,"comment_status":"open","ping_status":"open","sticky":false,"template":"","format":"standard","meta":{"om_disable_all_campaigns":false,"_monsterinsights_skip_tracking":false,"_monsterinsights_sitenote_active":false,"_monsterinsights_sitenote_note":"","_monsterinsights_sitenote_category":0,"footnotes":""},"categories":[4,6,1,14],"tags":[19,20,26],"class_list":["post-4064","post","type-post","status-publish","format-standard","has-post-thumbnail","hentry","category-coluna-social","category-cultura","category-destaques","category-noticias","tag-pirajui","tag-pirajui-2","tag-pirajuinews"],"_links":{"self":[{"href":"https:\/\/news.siteinfinito.com.br\/index.php?rest_route=\/wp\/v2\/posts\/4064","targetHints":{"allow":["GET"]}}],"collection":[{"href":"https:\/\/news.siteinfinito.com.br\/index.php?rest_route=\/wp\/v2\/posts"}],"about":[{"href":"https:\/\/news.siteinfinito.com.br\/index.php?rest_route=\/wp\/v2\/types\/post"}],"author":[{"embeddable":true,"href":"https:\/\/news.siteinfinito.com.br\/index.php?rest_route=\/wp\/v2\/users\/2"}],"replies":[{"embeddable":true,"href":"https:\/\/news.siteinfinito.com.br\/index.php?rest_route=%2Fwp%2Fv2%2Fcomments&post=4064"}],"version-history":[{"count":2,"href":"https:\/\/news.siteinfinito.com.br\/index.php?rest_route=\/wp\/v2\/posts\/4064\/revisions"}],"predecessor-version":[{"id":4067,"href":"https:\/\/news.siteinfinito.com.br\/index.php?rest_route=\/wp\/v2\/posts\/4064\/revisions\/4067"}],"wp:featuredmedia":[{"embeddable":true,"href":"https:\/\/news.siteinfinito.com.br\/index.php?rest_route=\/wp\/v2\/media\/4065"}],"wp:attachment":[{"href":"https:\/\/news.siteinfinito.com.br\/index.php?rest_route=%2Fwp%2Fv2%2Fmedia&parent=4064"}],"wp:term":[{"taxonomy":"category","embeddable":true,"href":"https:\/\/news.siteinfinito.com.br\/index.php?rest_route=%2Fwp%2Fv2%2Fcategories&post=4064"},{"taxonomy":"post_tag","embeddable":true,"href":"https:\/\/news.siteinfinito.com.br\/index.php?rest_route=%2Fwp%2Fv2%2Ftags&post=4064"}],"curies":[{"name":"wp","href":"https:\/\/api.w.org\/{rel}","templated":true}]}}