{"id":3929,"date":"2023-10-28T18:38:11","date_gmt":"2023-10-28T21:38:11","guid":{"rendered":"https:\/\/news.siteinfinito.com.br\/?p=3929"},"modified":"2023-10-30T08:42:03","modified_gmt":"2023-10-30T11:42:03","slug":"conselho-municipal-da-juventude-de-pirajui-tomou-posse-na-sexta-27","status":"publish","type":"post","link":"https:\/\/news.siteinfinito.com.br\/?p=3929","title":{"rendered":"Conselho Municipal da Juventude de Piraju\u00ed tomou posse na sexta (27)"},"content":{"rendered":"\n<p>Aconteceu na \u00faltima sexta-feira, dia 27, a posse dos novos integrantes do Conselho Municipal da Juventude de Piraju\u00ed. O evento ocorreu na C\u00e2mara Municipal dos Vereadores e contou com a presen\u00e7a do coordenador do Conselho Estadual da Juventude, Juliano Borges, que esteve na cidade para prestigiar os jovens locais.<\/p>\n\n\n\n<p>O Conselho Municipal da Juventude tem como objetivo promover a\u00e7\u00f5es e pol\u00edticas p\u00fablicas voltadas aos jovens e adolescentes da cidade. Os novos membros do Conselho empossados s\u00e3o representantes da prefeitura e da sociedade civil, entre eles est\u00e3o: Davi Novaes, Gabriel Moraes, Gabriele Belini de Oliveira, Giovana Novaes, Allana Perez, Let\u00edcia Zequim e Matheus Mazali.<\/p>\n\n\n\n<p>O prefeito de Piraju\u00ed, Cesar Fiala, presente na posse dos novos conselheiros, disse que essa a\u00e7\u00e3o visa dar voz \u00e0 nova gera\u00e7\u00e3o. \u201cA juventude \u00e9 um diamante a ser lapidado. Este Conselho agora empossado \u00e9 formado por pessoas extremamente jovens e competentes e que ir\u00e3o representar muito bem nosso munic\u00edpio. Particularmente, estou muito orgulhoso e feliz com esse momento\u201d, falou o chefe do executivo.<\/p>\n\n\n\n<p>Autoridades do municipal e da regi\u00e3o tamb\u00e9m prestigiaram a solenidade, s\u00e3o eles: Amanda Fiala, presidente do Fundo Social de Piraju\u00ed, Yara Falavinha, vereadora de Piraju\u00ed e coordenadora da microrregi\u00e3o de Bauru, Guto Azevinheiro, presidente da C\u00e2mara de Piraju\u00ed, Tuty Pereira, vereador de Lins, Leco, vice-prefeito de Piraju\u00ed, Osmar Nunes, vereador de Piraju\u00ed, Lucas Fernandes, coordenador da macrorregi\u00e3o de Lins, Juiz Rafael Morita e subtenente Fernando dos Anjos do Tiro de Guerra de Piraju\u00ed.<\/p>\n\n\n\n<p><em>Fonte: equipe Piraju\u00edNews<\/em>&nbsp;<\/p>\n\n\n\n<figure class=\"wp-block-image aligncenter size-large is-resized\"><img loading=\"lazy\" decoding=\"async\" src=\"http:\/\/news.siteinfinito.com.br\/wp-content\/uploads\/2023\/10\/8ae2d47d-57b1-49fc-bba3-4fdd75486ed0-1024x681.jpeg\" alt=\"\" class=\"wp-image-3930\" width=\"744\" height=\"494\" srcset=\"https:\/\/news.siteinfinito.com.br\/wp-content\/uploads\/2023\/10\/8ae2d47d-57b1-49fc-bba3-4fdd75486ed0-1024x681.jpeg 1024w, https:\/\/news.siteinfinito.com.br\/wp-content\/uploads\/2023\/10\/8ae2d47d-57b1-49fc-bba3-4fdd75486ed0-300x200.jpeg 300w, https:\/\/news.siteinfinito.com.br\/wp-content\/uploads\/2023\/10\/8ae2d47d-57b1-49fc-bba3-4fdd75486ed0-768x511.jpeg 768w, https:\/\/news.siteinfinito.com.br\/wp-content\/uploads\/2023\/10\/8ae2d47d-57b1-49fc-bba3-4fdd75486ed0-1536x1021.jpeg 1536w, https:\/\/news.siteinfinito.com.br\/wp-content\/uploads\/2023\/10\/8ae2d47d-57b1-49fc-bba3-4fdd75486ed0.jpeg 1600w\" sizes=\"auto, (max-width: 744px) 100vw, 744px\" \/><figcaption class=\"wp-element-caption\"><em>Jovens tomam posse no Conselho Municipal da Juventude de Piraju\u00ed <\/em><\/figcaption><\/figure>\n\n\n\n<figure class=\"wp-block-image aligncenter size-large\"><img loading=\"lazy\" decoding=\"async\" width=\"1024\" height=\"681\" src=\"http:\/\/news.siteinfinito.com.br\/wp-content\/uploads\/2023\/10\/62e47cdb-6441-4b12-833a-672f3a871a6e-1024x681.jpeg\" alt=\"\" class=\"wp-image-3931\" srcset=\"https:\/\/news.siteinfinito.com.br\/wp-content\/uploads\/2023\/10\/62e47cdb-6441-4b12-833a-672f3a871a6e-1024x681.jpeg 1024w, https:\/\/news.siteinfinito.com.br\/wp-content\/uploads\/2023\/10\/62e47cdb-6441-4b12-833a-672f3a871a6e-300x200.jpeg 300w, https:\/\/news.siteinfinito.com.br\/wp-content\/uploads\/2023\/10\/62e47cdb-6441-4b12-833a-672f3a871a6e-768x511.jpeg 768w, https:\/\/news.siteinfinito.com.br\/wp-content\/uploads\/2023\/10\/62e47cdb-6441-4b12-833a-672f3a871a6e-1536x1021.jpeg 1536w, https:\/\/news.siteinfinito.com.br\/wp-content\/uploads\/2023\/10\/62e47cdb-6441-4b12-833a-672f3a871a6e.jpeg 1600w\" sizes=\"auto, (max-width: 1024px) 100vw, 1024px\" \/><figcaption class=\"wp-element-caption\"><em>Representantes do munic\u00edpio tomam posse no Conselho Municipal da Juventude<\/em> <\/figcaption><\/figure>\n\n\n\n<figure class=\"wp-block-image aligncenter size-large\"><img loading=\"lazy\" decoding=\"async\" width=\"1024\" height=\"681\" src=\"http:\/\/news.siteinfinito.com.br\/wp-content\/uploads\/2023\/10\/03c5631a-e3f7-4439-a350-358eca7ac1f3-1024x681.jpeg\" alt=\"\" class=\"wp-image-3933\" srcset=\"https:\/\/news.siteinfinito.com.br\/wp-content\/uploads\/2023\/10\/03c5631a-e3f7-4439-a350-358eca7ac1f3-1024x681.jpeg 1024w, https:\/\/news.siteinfinito.com.br\/wp-content\/uploads\/2023\/10\/03c5631a-e3f7-4439-a350-358eca7ac1f3-300x200.jpeg 300w, https:\/\/news.siteinfinito.com.br\/wp-content\/uploads\/2023\/10\/03c5631a-e3f7-4439-a350-358eca7ac1f3-768x511.jpeg 768w, https:\/\/news.siteinfinito.com.br\/wp-content\/uploads\/2023\/10\/03c5631a-e3f7-4439-a350-358eca7ac1f3-1536x1021.jpeg 1536w, https:\/\/news.siteinfinito.com.br\/wp-content\/uploads\/2023\/10\/03c5631a-e3f7-4439-a350-358eca7ac1f3.jpeg 1600w\" sizes=\"auto, (max-width: 1024px) 100vw, 1024px\" \/><figcaption class=\"wp-element-caption\"><span style=\"background-color: rgba(0, 0, 0, 0.2);\"><i>P\u00fablico tamb\u00e9m<\/i><\/span><em> marcou presen\u00e7a <\/em><\/figcaption><\/figure>\n\n\n\n<figure class=\"wp-block-image aligncenter size-large\"><img loading=\"lazy\" decoding=\"async\" width=\"1024\" height=\"681\" src=\"http:\/\/news.siteinfinito.com.br\/wp-content\/uploads\/2023\/10\/408acc8f-0c26-4738-96e6-30741ea920c7-1024x681.jpeg\" alt=\"\" class=\"wp-image-3934\" srcset=\"https:\/\/news.siteinfinito.com.br\/wp-content\/uploads\/2023\/10\/408acc8f-0c26-4738-96e6-30741ea920c7-1024x681.jpeg 1024w, https:\/\/news.siteinfinito.com.br\/wp-content\/uploads\/2023\/10\/408acc8f-0c26-4738-96e6-30741ea920c7-300x200.jpeg 300w, https:\/\/news.siteinfinito.com.br\/wp-content\/uploads\/2023\/10\/408acc8f-0c26-4738-96e6-30741ea920c7-768x511.jpeg 768w, https:\/\/news.siteinfinito.com.br\/wp-content\/uploads\/2023\/10\/408acc8f-0c26-4738-96e6-30741ea920c7-1536x1021.jpeg 1536w, https:\/\/news.siteinfinito.com.br\/wp-content\/uploads\/2023\/10\/408acc8f-0c26-4738-96e6-30741ea920c7.jpeg 1600w\" sizes=\"auto, (max-width: 1024px) 100vw, 1024px\" \/><figcaption class=\"wp-element-caption\"><em>Autoridades prestigiam a solenidade<\/em><\/figcaption><\/figure>\n\n\n\n<figure class=\"wp-block-image aligncenter size-large\"><img loading=\"lazy\" decoding=\"async\" width=\"1024\" height=\"681\" src=\"http:\/\/news.siteinfinito.com.br\/wp-content\/uploads\/2023\/10\/6b765768-ef93-4937-aecc-1c774b729959-1-1024x681.jpeg\" alt=\"\" class=\"wp-image-3935\" srcset=\"https:\/\/news.siteinfinito.com.br\/wp-content\/uploads\/2023\/10\/6b765768-ef93-4937-aecc-1c774b729959-1-1024x681.jpeg 1024w, https:\/\/news.siteinfinito.com.br\/wp-content\/uploads\/2023\/10\/6b765768-ef93-4937-aecc-1c774b729959-1-300x200.jpeg 300w, https:\/\/news.siteinfinito.com.br\/wp-content\/uploads\/2023\/10\/6b765768-ef93-4937-aecc-1c774b729959-1-768x511.jpeg 768w, https:\/\/news.siteinfinito.com.br\/wp-content\/uploads\/2023\/10\/6b765768-ef93-4937-aecc-1c774b729959-1-1536x1021.jpeg 1536w, https:\/\/news.siteinfinito.com.br\/wp-content\/uploads\/2023\/10\/6b765768-ef93-4937-aecc-1c774b729959-1.jpeg 1600w\" sizes=\"auto, (max-width: 1024px) 100vw, 1024px\" \/><figcaption class=\"wp-element-caption\"><em>Autoridades prestigiam evento <\/em><\/figcaption><\/figure>\n","protected":false},"excerpt":{"rendered":"<p>Aconteceu na \u00faltima sexta-feira, dia 27, a posse dos novos integrantes do Conselho Municipal da Juventude de Piraju\u00ed. O evento ocorreu na C\u00e2mara Municipal dos Vereadores e contou com a presen\u00e7a do coordenador do Conselho Estadual da Juventude, Juliano Borges, que esteve na cidade para prestigiar os jovens locais. O Conselho Municipal da Juventude tem [&hellip;]<\/p>\n","protected":false},"author":2,"featured_media":3936,"comment_status":"open","ping_status":"open","sticky":false,"template":"","format":"standard","meta":{"om_disable_all_campaigns":false,"_monsterinsights_skip_tracking":false,"_monsterinsights_sitenote_active":false,"_monsterinsights_sitenote_note":"","_monsterinsights_sitenote_category":0,"footnotes":""},"categories":[6,1,8],"tags":[19,20,75],"class_list":["post-3929","post","type-post","status-publish","format-standard","has-post-thumbnail","hentry","category-cultura","category-destaques","category-eventos","tag-pirajui","tag-pirajui-2","tag-prefeitura"],"_links":{"self":[{"href":"https:\/\/news.siteinfinito.com.br\/index.php?rest_route=\/wp\/v2\/posts\/3929","targetHints":{"allow":["GET"]}}],"collection":[{"href":"https:\/\/news.siteinfinito.com.br\/index.php?rest_route=\/wp\/v2\/posts"}],"about":[{"href":"https:\/\/news.siteinfinito.com.br\/index.php?rest_route=\/wp\/v2\/types\/post"}],"author":[{"embeddable":true,"href":"https:\/\/news.siteinfinito.com.br\/index.php?rest_route=\/wp\/v2\/users\/2"}],"replies":[{"embeddable":true,"href":"https:\/\/news.siteinfinito.com.br\/index.php?rest_route=%2Fwp%2Fv2%2Fcomments&post=3929"}],"version-history":[{"count":3,"href":"https:\/\/news.siteinfinito.com.br\/index.php?rest_route=\/wp\/v2\/posts\/3929\/revisions"}],"predecessor-version":[{"id":3939,"href":"https:\/\/news.siteinfinito.com.br\/index.php?rest_route=\/wp\/v2\/posts\/3929\/revisions\/3939"}],"wp:featuredmedia":[{"embeddable":true,"href":"https:\/\/news.siteinfinito.com.br\/index.php?rest_route=\/wp\/v2\/media\/3936"}],"wp:attachment":[{"href":"https:\/\/news.siteinfinito.com.br\/index.php?rest_route=%2Fwp%2Fv2%2Fmedia&parent=3929"}],"wp:term":[{"taxonomy":"category","embeddable":true,"href":"https:\/\/news.siteinfinito.com.br\/index.php?rest_route=%2Fwp%2Fv2%2Fcategories&post=3929"},{"taxonomy":"post_tag","embeddable":true,"href":"https:\/\/news.siteinfinito.com.br\/index.php?rest_route=%2Fwp%2Fv2%2Ftags&post=3929"}],"curies":[{"name":"wp","href":"https:\/\/api.w.org\/{rel}","templated":true}]}}