{"id":3792,"date":"2023-10-17T20:08:40","date_gmt":"2023-10-17T23:08:40","guid":{"rendered":"https:\/\/news.siteinfinito.com.br\/?p=3792"},"modified":"2023-10-17T20:10:40","modified_gmt":"2023-10-17T23:10:40","slug":"policia-investiga-supostas-irregularidades-em-asilo-em-pirajui","status":"publish","type":"post","link":"https:\/\/news.siteinfinito.com.br\/?p=3792","title":{"rendered":"Pol\u00edcia investiga supostas irregularidades em asilo em Piraju\u00ed"},"content":{"rendered":"<p>A Pol\u00edcia Civil de Piraju\u00ed instaurou inqu\u00e9rito para apurar poss\u00edveis irregularidades no Asilo Bezerra de Menezes, ap\u00f3s o Minist\u00e9rio P\u00fablico (MP) receber den\u00fancia de maus-tratos contra idosos no local. Uma fiscaliza\u00e7\u00e3o simult\u00e2nea foi realizada no dia 28 de setembro pela pr\u00f3pria Pol\u00edcia Civil, Vigil\u00e2ncia Sanit\u00e1ria, Secretaria Municipal de Sa\u00fade e os conselhos municipais do Idoso e de Assist\u00eancia Social.<\/p>\n<p>Os relat\u00f3rios produzidos ap\u00f3s a visita apontaram situa\u00e7\u00f5es e relatos preocupantes de alguns assistidos e, agora, a pol\u00edcia ir\u00e1 apurar, al\u00e9m do crime de maus-tratos contra idosos e pessoas com defici\u00eancia, a ocorr\u00eancia de agress\u00f5es e tentativa de estupro entre internos. Ap\u00f3s receber a den\u00fancia, o MP solicitou \u00e0 Pol\u00edcia Civil a realiza\u00e7\u00e3o de uma inspe\u00e7\u00e3o no asilo, que ocorreu junto com agentes da prefeitura e presidentes dos conselhos municipais em 28 de setembro.<\/p>\n<p>A corpora\u00e7\u00e3o descreveu que encontrou pacientes psiqui\u00e1tricos, cadeirantes e acamados com escaras e conten\u00e7\u00e3o para evitar quedas, al\u00e9m de um assistido com vermelhid\u00e3o no corpo causada pelo sol e relato de agress\u00e3o e tentativa de estupro entre internos. J\u00e1 os conselheiros receberam &#8220;in\u00fameros pedidos alarmantes de ajuda&#8221;, com internos afirmando que n\u00e3o eram bem tratados, n\u00e3o contavam com enfermeira no per\u00edodo noturno e recebiam alimenta\u00e7\u00e3o de m\u00e1 qualidade.<\/p>\n<p>Tamb\u00e9m foi detectado que eles permanecem muito tempo ociosos, sem atividades. J\u00e1 para a Vigil\u00e2ncia Sanit\u00e1ria, os asilados disseram sofrer agress\u00f5es verbais de funcion\u00e1rios e reclamaram de comida ruim. Pacientes psiqui\u00e1tricos reclamaram por ficarem homens e mulheres em um mesmo local e por, \u00e0s vezes, serem deixados expostos ao sol.<\/p>\n<p>Al\u00e9m disso, cadeirantes e acamados ficam em local de livre acesso destes internos da ala psiqui\u00e1trica. Os conselheiros tamb\u00e9m encontraram alas com mau cheiro, quartos sem ventiladores, infiltra\u00e7\u00f5es e pontos de bolor nas paredes e colch\u00f5es deteriorados.<\/p>\n<p>A Secretaria de Sa\u00fade destacou, em seu relat\u00f3rio, que a maioria dos cadeirantes estava descal\u00e7a e h\u00e1 n\u00famero insuficiente de funcion\u00e1rios &#8211; varia de 5 a 6 nos plant\u00f5es noturnos e de 13 a 14 nos diurnos, para atendimento de 204 internos, entre idosos e pessoas com defici\u00eancia com menos de 60 anos. Al\u00e9m disso, a mesma refei\u00e7\u00e3o \u00e9 servida para diab\u00e9ticos, hipertensos e quem n\u00e3o possui comorbidades.<\/p>\n<p>O Asilo Bezerra de Menezes continua funcionando normalmente. A institui\u00e7\u00e3o foi procurada na tarde desta segunda-feira (16) para se pronunciar sobre as den\u00fancias, mas n\u00e3o deu retorno at\u00e9 o fechamento desta edi\u00e7\u00e3o.<\/p>\n<p><em>Fonte: Jornal da Cidade de Bauru<\/em><\/p>\n","protected":false},"excerpt":{"rendered":"<p>A Pol\u00edcia Civil de Piraju\u00ed instaurou inqu\u00e9rito para apurar poss\u00edveis irregularidades no Asilo Bezerra de Menezes, ap\u00f3s o Minist\u00e9rio P\u00fablico (MP) receber den\u00fancia de maus-tratos contra idosos no local. Uma fiscaliza\u00e7\u00e3o simult\u00e2nea foi realizada no dia 28 de setembro pela pr\u00f3pria Pol\u00edcia Civil, Vigil\u00e2ncia Sanit\u00e1ria, Secretaria Municipal de Sa\u00fade e os conselhos municipais do Idoso [&hellip;]<\/p>\n","protected":false},"author":2,"featured_media":3796,"comment_status":"open","ping_status":"open","sticky":false,"template":"","format":"standard","meta":{"om_disable_all_campaigns":false,"_monsterinsights_skip_tracking":false,"_monsterinsights_sitenote_active":false,"_monsterinsights_sitenote_note":"","_monsterinsights_sitenote_category":0,"footnotes":""},"categories":[1,14,15],"tags":[19,20,26],"class_list":["post-3792","post","type-post","status-publish","format-standard","has-post-thumbnail","hentry","category-destaques","category-noticias","category-policial","tag-pirajui","tag-pirajui-2","tag-pirajuinews"],"_links":{"self":[{"href":"https:\/\/news.siteinfinito.com.br\/index.php?rest_route=\/wp\/v2\/posts\/3792","targetHints":{"allow":["GET"]}}],"collection":[{"href":"https:\/\/news.siteinfinito.com.br\/index.php?rest_route=\/wp\/v2\/posts"}],"about":[{"href":"https:\/\/news.siteinfinito.com.br\/index.php?rest_route=\/wp\/v2\/types\/post"}],"author":[{"embeddable":true,"href":"https:\/\/news.siteinfinito.com.br\/index.php?rest_route=\/wp\/v2\/users\/2"}],"replies":[{"embeddable":true,"href":"https:\/\/news.siteinfinito.com.br\/index.php?rest_route=%2Fwp%2Fv2%2Fcomments&post=3792"}],"version-history":[{"count":2,"href":"https:\/\/news.siteinfinito.com.br\/index.php?rest_route=\/wp\/v2\/posts\/3792\/revisions"}],"predecessor-version":[{"id":3795,"href":"https:\/\/news.siteinfinito.com.br\/index.php?rest_route=\/wp\/v2\/posts\/3792\/revisions\/3795"}],"wp:featuredmedia":[{"embeddable":true,"href":"https:\/\/news.siteinfinito.com.br\/index.php?rest_route=\/wp\/v2\/media\/3796"}],"wp:attachment":[{"href":"https:\/\/news.siteinfinito.com.br\/index.php?rest_route=%2Fwp%2Fv2%2Fmedia&parent=3792"}],"wp:term":[{"taxonomy":"category","embeddable":true,"href":"https:\/\/news.siteinfinito.com.br\/index.php?rest_route=%2Fwp%2Fv2%2Fcategories&post=3792"},{"taxonomy":"post_tag","embeddable":true,"href":"https:\/\/news.siteinfinito.com.br\/index.php?rest_route=%2Fwp%2Fv2%2Ftags&post=3792"}],"curies":[{"name":"wp","href":"https:\/\/api.w.org\/{rel}","templated":true}]}}