{"id":3734,"date":"2023-10-04T17:34:26","date_gmt":"2023-10-04T20:34:26","guid":{"rendered":"https:\/\/news.siteinfinito.com.br\/?p=3734"},"modified":"2023-10-04T17:50:16","modified_gmt":"2023-10-04T20:50:16","slug":"documentario-dirigido-por-pirajuiense-e-destaque-exposicao-do-sesc-bauru","status":"publish","type":"post","link":"https:\/\/news.siteinfinito.com.br\/?p=3734","title":{"rendered":"Document\u00e1rio dirigido por pirajuiense \u00e9 destaque em exposi\u00e7\u00e3o do Sesc Bauru"},"content":{"rendered":"\n<p>Desde 23 de setembro, o Sesc Bauru est\u00e1 com as portas abertas para a exposi\u00e7\u00e3o \u201cNise: a Revolu\u00e7\u00e3o pelo afeto\u201d que homenageia a m\u00e9dica Nise da Silveira e que conta com a exibi\u00e7\u00e3o de trechos do r\u00e1diodocument\u00e1rio \u201cManifesto de Bauru: a carta que mudou os rumos da luta antimanicomial no Brasil\u201d, dirigido e roteirizado pelo jornalista pirajuiense Ednan Gomes.<\/p>\n\n\n\n<p>Produzido em 2016, durante disciplina da faculdade de jornalismo e em parceria com as colegas Jessica Pirazza, Fl\u00e1via Izidoro Renata Ribeiro e Vit\u00f3ria Palmejani, o projeto \u00e9 um tributo \u00e0 hist\u00f3rica &#8220;Carta de Bauru,&#8221; um marco crucial na luta antimanicomial no pa\u00eds e que foi assinada por diversos profissionais da \u00e1rea de sa\u00fade mental, pacientes e familiares. Esse documento teve um papel fundamental na promo\u00e7\u00e3o de tratamentos mais humanizados. \u201cTenho muito orgulho desse projeto que foi at\u00e9 finalista em algumas premia\u00e7\u00f5es pelo pa\u00eds, pois, ele conta uma hist\u00f3ria desconhecida de muitos bauruenses. Fomos \u00e0 fundo na investiga\u00e7\u00e3o e conseguimos capturar relatos fortes e emocionantes sobre as experi\u00eancias em manic\u00f4mios e bastidores da produ\u00e7\u00e3o do manifesto\u201d, relata Ednan.<\/p>\n\n\n\n<p>O convite para integrar a exposi\u00e7\u00e3o surpreendeu o pirajuiense. \u201cEra algo que eu realmente n\u00e3o esperava. Por\u00e9m meu cora\u00e7\u00e3o se alegra em perceber que um document\u00e1rio t\u00e3o especial ganha um&nbsp;reconhecimento como este sete anos ap\u00f3s a sua produ\u00e7\u00e3o. Ele sai da gaveta e ganha a possibilidade de ser conhecido por outras pessoas\u201d, finaliza.<\/p>\n\n\n\n<p><strong>Sobre Ednan Gomes<\/strong><\/p>\n\n\n\n<p>Nascido em Piraju\u00ed (SP), Ednan Gomes \u00e9 um profissional multifacetado, atuando como jornalista, professor, escritor e palestrante. Ao longo de sua carreira conquistou diversos pr\u00eamios e indica\u00e7\u00f5es em todo o Brasil, destacando-se nas \u00e1reas do jornalismo e da escrita criativa. Com especializa\u00e7\u00f5es em Comunica\u00e7\u00e3o Empresarial e Literatura Brasileira, Ednan acumula experi\u00eancia em assessoria de imprensa, jornais, sites, marketing, produ\u00e7\u00e3o editorial e audiovisual. Atualmente, atua como docente no Governo do Estado de S\u00e3o Paulo e \u00e9 um membro imortal da Academia Independente de Letras.<\/p>\n\n\n\n<p><strong>Servi\u00e7o:<\/strong><\/p>\n\n\n\n<p>A exposi\u00e7\u00e3o \u201cNise: a Revolu\u00e7\u00e3o pelo afeto\u201d ficar\u00e1 aberta \u00e0 visita\u00e7\u00e3o, de forma gratuita, at\u00e9 17\/03\/2024, no Espa\u00e7o de Exposi\u00e7\u00f5es do Sesc Bauru que fica localizado Avenida Aureliano Cardia, 6-71 Vila Cardia.<\/p>\n\n\n\n<p>Hor\u00e1rios: Ter\u00e7a a sexta, 8h \u00e0s 11h (somente para grupos agendados) e 13h \u00e0s 21h30. S\u00e1bados, domingos e feriados, 10h \u00e0s 18h30.<\/p>\n\n\n\n<p>Agendamento pr\u00e9vio de grupos pelo e-mail:&nbsp;<a href=\"mailto:agendamento.bauru@sescsp.org.br\" target=\"_blank\" rel=\"noreferrer noopener\">agendamento.bauru@sescsp.org.br<\/a>&nbsp;<\/p>\n\n\n\n<figure class=\"wp-block-image aligncenter size-full\"><img loading=\"lazy\" decoding=\"async\" width=\"957\" height=\"595\" src=\"http:\/\/news.siteinfinito.com.br\/wp-content\/uploads\/2023\/10\/Nise.jpg\" alt=\"\" class=\"wp-image-3738\" srcset=\"https:\/\/news.siteinfinito.com.br\/wp-content\/uploads\/2023\/10\/Nise.jpg 957w, https:\/\/news.siteinfinito.com.br\/wp-content\/uploads\/2023\/10\/Nise-300x187.jpg 300w, https:\/\/news.siteinfinito.com.br\/wp-content\/uploads\/2023\/10\/Nise-768x477.jpg 768w\" sizes=\"auto, (max-width: 957px) 100vw, 957px\" \/><figcaption class=\"wp-element-caption\"><em>Foto: Divulga\u00e7\u00e3o<\/em><\/figcaption><\/figure>\n\n\n\n<p><em>Fonte: Piraju\u00edNews<\/em><\/p>\n","protected":false},"excerpt":{"rendered":"<p>Desde 23 de setembro, o Sesc Bauru est\u00e1 com as portas abertas para a exposi\u00e7\u00e3o \u201cNise: a Revolu\u00e7\u00e3o pelo afeto\u201d que homenageia a m\u00e9dica Nise da Silveira e que conta com a exibi\u00e7\u00e3o de trechos do r\u00e1diodocument\u00e1rio \u201cManifesto de Bauru: a carta que mudou os rumos da luta antimanicomial no Brasil\u201d, dirigido e roteirizado pelo [&hellip;]<\/p>\n","protected":false},"author":2,"featured_media":3736,"comment_status":"open","ping_status":"open","sticky":false,"template":"","format":"standard","meta":{"om_disable_all_campaigns":false,"_monsterinsights_skip_tracking":false,"_monsterinsights_sitenote_active":false,"_monsterinsights_sitenote_note":"","_monsterinsights_sitenote_category":0,"footnotes":""},"categories":[6,1,14],"tags":[159,19,20,26,160],"class_list":["post-3734","post","type-post","status-publish","format-standard","has-post-thumbnail","hentry","category-cultura","category-destaques","category-noticias","tag-jornalista","tag-pirajui","tag-pirajui-2","tag-pirajuinews","tag-sescbauru"],"_links":{"self":[{"href":"https:\/\/news.siteinfinito.com.br\/index.php?rest_route=\/wp\/v2\/posts\/3734","targetHints":{"allow":["GET"]}}],"collection":[{"href":"https:\/\/news.siteinfinito.com.br\/index.php?rest_route=\/wp\/v2\/posts"}],"about":[{"href":"https:\/\/news.siteinfinito.com.br\/index.php?rest_route=\/wp\/v2\/types\/post"}],"author":[{"embeddable":true,"href":"https:\/\/news.siteinfinito.com.br\/index.php?rest_route=\/wp\/v2\/users\/2"}],"replies":[{"embeddable":true,"href":"https:\/\/news.siteinfinito.com.br\/index.php?rest_route=%2Fwp%2Fv2%2Fcomments&post=3734"}],"version-history":[{"count":5,"href":"https:\/\/news.siteinfinito.com.br\/index.php?rest_route=\/wp\/v2\/posts\/3734\/revisions"}],"predecessor-version":[{"id":3742,"href":"https:\/\/news.siteinfinito.com.br\/index.php?rest_route=\/wp\/v2\/posts\/3734\/revisions\/3742"}],"wp:featuredmedia":[{"embeddable":true,"href":"https:\/\/news.siteinfinito.com.br\/index.php?rest_route=\/wp\/v2\/media\/3736"}],"wp:attachment":[{"href":"https:\/\/news.siteinfinito.com.br\/index.php?rest_route=%2Fwp%2Fv2%2Fmedia&parent=3734"}],"wp:term":[{"taxonomy":"category","embeddable":true,"href":"https:\/\/news.siteinfinito.com.br\/index.php?rest_route=%2Fwp%2Fv2%2Fcategories&post=3734"},{"taxonomy":"post_tag","embeddable":true,"href":"https:\/\/news.siteinfinito.com.br\/index.php?rest_route=%2Fwp%2Fv2%2Ftags&post=3734"}],"curies":[{"name":"wp","href":"https:\/\/api.w.org\/{rel}","templated":true}]}}