{"id":3441,"date":"2023-09-14T08:10:17","date_gmt":"2023-09-14T11:10:17","guid":{"rendered":"https:\/\/news.siteinfinito.com.br\/?p=3441"},"modified":"2023-09-14T08:10:18","modified_gmt":"2023-09-14T11:10:18","slug":"dia-da-consciencia-negra-agora-e-feriado-estadual-em-sao-paulo","status":"publish","type":"post","link":"https:\/\/news.siteinfinito.com.br\/?p=3441","title":{"rendered":"Dia da Consci\u00eancia Negra agora \u00e9 feriado estadual em S\u00e3o Paulo"},"content":{"rendered":"\n<p>O governador Tarc\u00edsio\u00a0sancionou nesta ter\u00e7a-feira (12) o projeto de lei 370 de 2023, que institui em todo o Estado de S\u00e3o Paulo o Dia Estadual da Consci\u00eancia Negra, j\u00e1 celebrado em 20 de novembro por algumas cidades. A lei saiu no\u00a0Di\u00e1rio Oficial do Estado da \u00faltima quarta (13) e vale a partir da sua publica\u00e7\u00e3o.<\/p>\n\n\n\n<p>A data \u00e9 uma homenagem a Zumbi dos Palmares, que morreu em 20 de novembro de 1695. Ele foi um dos \u00faltimos l\u00edderes do Quilombo dos Palmares durante o per\u00edodo do Brasil-Col\u00f4nia e ficou conhecido por representar a resist\u00eancia e a luta contra a opress\u00e3o da escravid\u00e3o.<\/p>\n\n\n\n<p>A efem\u00e9ride tem o objetivo de potencializar a import\u00e2ncia do debate sobre o povo e a cultura africana no Brasil, seja por meio da m\u00fasica, da pol\u00edtica, da religi\u00e3o ou da gastronomia, entre v\u00e1rias outras \u00e1reas.<\/p>\n\n\n\n<p><em>Fonte: Site Governo SP<\/em><\/p>\n","protected":false},"excerpt":{"rendered":"<p>O governador Tarc\u00edsio\u00a0sancionou nesta ter\u00e7a-feira (12) o projeto de lei 370 de 2023, que institui em todo o Estado de S\u00e3o Paulo o Dia Estadual da Consci\u00eancia Negra, j\u00e1 celebrado em 20 de novembro por algumas cidades. A lei saiu no\u00a0Di\u00e1rio Oficial do Estado da \u00faltima quarta (13) e vale a partir da sua publica\u00e7\u00e3o. [&hellip;]<\/p>\n","protected":false},"author":2,"featured_media":3442,"comment_status":"open","ping_status":"open","sticky":false,"template":"","format":"standard","meta":{"om_disable_all_campaigns":false,"_monsterinsights_skip_tracking":false,"_monsterinsights_sitenote_active":false,"_monsterinsights_sitenote_note":"","_monsterinsights_sitenote_category":0,"footnotes":""},"categories":[1,14],"tags":[150,151,19,20,26,80],"class_list":["post-3441","post","type-post","status-publish","format-standard","has-post-thumbnail","hentry","category-destaques","category-noticias","tag-diadaconsciencianegra","tag-feriado","tag-pirajui","tag-pirajui-2","tag-pirajuinews","tag-sp"],"_links":{"self":[{"href":"https:\/\/news.siteinfinito.com.br\/index.php?rest_route=\/wp\/v2\/posts\/3441","targetHints":{"allow":["GET"]}}],"collection":[{"href":"https:\/\/news.siteinfinito.com.br\/index.php?rest_route=\/wp\/v2\/posts"}],"about":[{"href":"https:\/\/news.siteinfinito.com.br\/index.php?rest_route=\/wp\/v2\/types\/post"}],"author":[{"embeddable":true,"href":"https:\/\/news.siteinfinito.com.br\/index.php?rest_route=\/wp\/v2\/users\/2"}],"replies":[{"embeddable":true,"href":"https:\/\/news.siteinfinito.com.br\/index.php?rest_route=%2Fwp%2Fv2%2Fcomments&post=3441"}],"version-history":[{"count":1,"href":"https:\/\/news.siteinfinito.com.br\/index.php?rest_route=\/wp\/v2\/posts\/3441\/revisions"}],"predecessor-version":[{"id":3443,"href":"https:\/\/news.siteinfinito.com.br\/index.php?rest_route=\/wp\/v2\/posts\/3441\/revisions\/3443"}],"wp:featuredmedia":[{"embeddable":true,"href":"https:\/\/news.siteinfinito.com.br\/index.php?rest_route=\/wp\/v2\/media\/3442"}],"wp:attachment":[{"href":"https:\/\/news.siteinfinito.com.br\/index.php?rest_route=%2Fwp%2Fv2%2Fmedia&parent=3441"}],"wp:term":[{"taxonomy":"category","embeddable":true,"href":"https:\/\/news.siteinfinito.com.br\/index.php?rest_route=%2Fwp%2Fv2%2Fcategories&post=3441"},{"taxonomy":"post_tag","embeddable":true,"href":"https:\/\/news.siteinfinito.com.br\/index.php?rest_route=%2Fwp%2Fv2%2Ftags&post=3441"}],"curies":[{"name":"wp","href":"https:\/\/api.w.org\/{rel}","templated":true}]}}