{"id":3161,"date":"2023-08-16T16:08:30","date_gmt":"2023-08-16T19:08:30","guid":{"rendered":"https:\/\/news.siteinfinito.com.br\/?p=3161"},"modified":"2023-08-16T16:50:03","modified_gmt":"2023-08-16T19:50:03","slug":"pirajuiense-sera-representante-do-brasil-em-cabo-verde-na-africa","status":"publish","type":"post","link":"https:\/\/news.siteinfinito.com.br\/?p=3161","title":{"rendered":"Pirajuiense ser\u00e1 representante do Brasil em Cabo Verde, na \u00c1frica"},"content":{"rendered":"\n<p>A pirajuiense, professora e doutora Karina de F\u00e1tima Gomes foi selecionada para representar o governo brasileiro no pa\u00eds africano de Cabo Verde. Karina segue viagem no final de agosto para trabalhar como professora na Universidade de Cabo Verde, na cidade da Praia, capital do pa\u00eds, onde tamb\u00e9m executar\u00e1 projetos de leitura no Instituto Guimar\u00e3es Rosa (vinculado \u00e0 embaixada do Brasil).<\/p>\n\n\n\n<p>A docente faz parte do projeto Leitorado (Capes\/Minist\u00e9rio das Rela\u00e7\u00f5es Exteriores) e ficar\u00e1 por dois anos a servi\u00e7o do governo federal na miss\u00e3o de divulgar a l\u00edngua portuguesa no mundo, per\u00edodo em que tamb\u00e9m vai cursar um p\u00f3s-doutorado na \u00e1rea da execu\u00e7\u00e3o de projetos de leitura.<\/p>\n\n\n\n<p>&#8220;Eu gostaria de dizer que \u00e9 um momento desafiador. \u00c9 um divisor de \u00e1guas na minha trajet\u00f3ria, e um &#8216;abrir m\u00e3o&#8217; de projetos e atividades de sucesso que desenvolvo no Brasil, mas sei que valer\u00e1 cada momento investido em crescimento profissional e na abertura de horizontes culturais e acad\u00eamicos. \u00c9 um privil\u00e9gio compartilhar meus saberes em uma institui\u00e7\u00e3o t\u00e3o conceituada como a Universidade de Cabo Verde, e certamente essa oportunidade ir\u00e1 me enriquecer como profissional, mas acima de tudo como ser humano. Agrade\u00e7o a minha fam\u00edlia e amigos, por sempre me apoiarem em meus projetos e por me permitirem sonhar!&#8221;, expressou a professora em entrevista ao portal Piraju\u00edNews.<\/p>\n\n\n\n<p>A Prof. Dr\u00aa Karina \u00e9 graduada em Letras (Faculdade Auxilium de Filosofia Ci\u00eancias e Letras) e em Pedagogia (UNIG), especialista em Educa\u00e7\u00e3o Especial, Psicopedagogia e Coordena\u00e7\u00e3o Pedag\u00f3gica pela Universidade Federal de S\u00e3o Carlos (Ufscar). Possui mestrado em Letras\/Literatura pela Universidade Federal do Mato Grosso do Sul (UFMS) &#8211; Campus de Tr\u00eas Lagoas\/MS e doutorado em Letras\/Literatura pela mesma institui\u00e7\u00e3o, com doutorado sandu\u00edche na Universidade de \u00c9vora (Portugal).<br><br>Atuou como professora por 22 anos, na rede estadual paulista, com experi\u00eancia na Educa\u00e7\u00e3o Infantil, Ensino Fundamental e Ensino M\u00e9dio, tamb\u00e9m foi professora nas redes municipais de Piraju\u00ed e Lins, al\u00e9m de ter atuado como docente no curso de Pedagogia (PARFOR), em institui\u00e7\u00e3o na cidade de Lins\/SP.<br>Atualmente \u00e9 propriet\u00e1ria de uma empresa de consultoria para forma\u00e7\u00e3o de professores nas \u00e1reas de educa\u00e7\u00e3o e letras, \u00e9 mediadora de leitura de diversos projetos em Lins e regi\u00e3o, docente no curso de Letras e Pedagogia do Centro Universit\u00e1rio de Lins (Unilins) e Coordenadora Pedag\u00f3gica na Rede Municipal de Ensino em Lins\/SP desde 2010, atuando nas creches municipais desde 2014.<\/p>\n\n\n\n<p>\u00c9 filha de Neuza Izabel Daniel e Francisco F\u00e1tima Gomes, neta de Antonia Marcato Daniel e Alderico Daniel e Maximilia Nunes e Jos\u00e9 Gomes Ferreira. Irm\u00e3 da Josiane e da Jessica, e tia do Jo\u00e3o Pedro e do Vinicius. Nasceu em Piraju\u00ed no dia 11\/03\/1979, na Fazenda Boa Vista, e se mudou, ainda crian\u00e7a, para a Vila Abel, local em que sua fam\u00edlia reside atualmente.<\/p>\n\n\n\n<p>Karina adotou a cidade de Lins como sua casa e o mundo como extens\u00e3o para aprender e compartilhar saberes.<\/p>\n\n\n\n<p>Veja a entrevista que ela deu na cidade de Lins neste link: <a href=\"https:\/\/m.youtube.com\/watch?v=joKcYy-OfNU&amp;feature=youtu.be\">https:\/\/youtu.be\/joKcYy-OfNU <\/a><\/p>\n\n\n\n<p><em>Fonte: Piraju\u00edNews<\/em><\/p>\n\n\n\n<figure class=\"wp-block-image aligncenter size-large\"><img loading=\"lazy\" decoding=\"async\" width=\"1024\" height=\"613\" src=\"http:\/\/news.siteinfinito.com.br\/wp-content\/uploads\/2023\/08\/campus-2-1024x613.jpg\" alt=\"\" class=\"wp-image-3163\" srcset=\"https:\/\/news.siteinfinito.com.br\/wp-content\/uploads\/2023\/08\/campus-2-1024x613.jpg 1024w, https:\/\/news.siteinfinito.com.br\/wp-content\/uploads\/2023\/08\/campus-2-300x180.jpg 300w, https:\/\/news.siteinfinito.com.br\/wp-content\/uploads\/2023\/08\/campus-2-768x460.jpg 768w, https:\/\/news.siteinfinito.com.br\/wp-content\/uploads\/2023\/08\/campus-2-1536x920.jpg 1536w, https:\/\/news.siteinfinito.com.br\/wp-content\/uploads\/2023\/08\/campus-2.jpg 2000w\" sizes=\"auto, (max-width: 1024px) 100vw, 1024px\" \/><figcaption class=\"wp-element-caption\"><em>Universidade em que a docente ir\u00e1 lecionar<\/em><\/figcaption><\/figure>\n\n\n\n<figure class=\"wp-block-image aligncenter size-large\"><img loading=\"lazy\" decoding=\"async\" width=\"1024\" height=\"730\" src=\"http:\/\/news.siteinfinito.com.br\/wp-content\/uploads\/2023\/08\/Ihas-d-Carbo-Verde-1-1024x730.png\" alt=\"\" class=\"wp-image-3186\" srcset=\"https:\/\/news.siteinfinito.com.br\/wp-content\/uploads\/2023\/08\/Ihas-d-Carbo-Verde-1-1024x730.png 1024w, https:\/\/news.siteinfinito.com.br\/wp-content\/uploads\/2023\/08\/Ihas-d-Carbo-Verde-1-300x214.png 300w, https:\/\/news.siteinfinito.com.br\/wp-content\/uploads\/2023\/08\/Ihas-d-Carbo-Verde-1-768x547.png 768w, https:\/\/news.siteinfinito.com.br\/wp-content\/uploads\/2023\/08\/Ihas-d-Carbo-Verde-1.png 1118w\" sizes=\"auto, (max-width: 1024px) 100vw, 1024px\" \/><figcaption class=\"wp-element-caption\"><em>Ilhas de Cabo Verde. Pa\u00eds Africano est\u00e1 localizado no Oceano Atl\u00e2ntico<\/em><\/figcaption><\/figure>\n\n\n\n<figure class=\"wp-block-image aligncenter size-large\"><img loading=\"lazy\" decoding=\"async\" width=\"1024\" height=\"633\" src=\"http:\/\/news.siteinfinito.com.br\/wp-content\/uploads\/2023\/08\/cabo-verde-2-1024x633.jpg\" alt=\"\" class=\"wp-image-3165\" srcset=\"https:\/\/news.siteinfinito.com.br\/wp-content\/uploads\/2023\/08\/cabo-verde-2-1024x633.jpg 1024w, https:\/\/news.siteinfinito.com.br\/wp-content\/uploads\/2023\/08\/cabo-verde-2-300x185.jpg 300w, https:\/\/news.siteinfinito.com.br\/wp-content\/uploads\/2023\/08\/cabo-verde-2-768x475.jpg 768w, https:\/\/news.siteinfinito.com.br\/wp-content\/uploads\/2023\/08\/cabo-verde-2.jpg 1288w\" sizes=\"auto, (max-width: 1024px) 100vw, 1024px\" \/><figcaption class=\"wp-element-caption\"><em>Ilhas de Cabo Verde. Pa\u00eds Africano est\u00e1 localizado no Oceano Atl\u00e2ntico<\/em><\/figcaption><\/figure>\n","protected":false},"excerpt":{"rendered":"<p>A pirajuiense, professora e doutora Karina de F\u00e1tima Gomes foi selecionada para representar o governo brasileiro no pa\u00eds africano de Cabo Verde. Karina segue viagem no final de agosto para trabalhar como professora na Universidade de Cabo Verde, na cidade da Praia, capital do pa\u00eds, onde tamb\u00e9m executar\u00e1 projetos de leitura no Instituto Guimar\u00e3es Rosa [&hellip;]<\/p>\n","protected":false},"author":2,"featured_media":3179,"comment_status":"open","ping_status":"open","sticky":false,"template":"","format":"standard","meta":{"om_disable_all_campaigns":false,"_monsterinsights_skip_tracking":false,"_monsterinsights_sitenote_active":false,"_monsterinsights_sitenote_note":"","_monsterinsights_sitenote_category":0,"footnotes":""},"categories":[1,14],"tags":[19,20,26],"class_list":["post-3161","post","type-post","status-publish","format-standard","has-post-thumbnail","hentry","category-destaques","category-noticias","tag-pirajui","tag-pirajui-2","tag-pirajuinews"],"_links":{"self":[{"href":"https:\/\/news.siteinfinito.com.br\/index.php?rest_route=\/wp\/v2\/posts\/3161","targetHints":{"allow":["GET"]}}],"collection":[{"href":"https:\/\/news.siteinfinito.com.br\/index.php?rest_route=\/wp\/v2\/posts"}],"about":[{"href":"https:\/\/news.siteinfinito.com.br\/index.php?rest_route=\/wp\/v2\/types\/post"}],"author":[{"embeddable":true,"href":"https:\/\/news.siteinfinito.com.br\/index.php?rest_route=\/wp\/v2\/users\/2"}],"replies":[{"embeddable":true,"href":"https:\/\/news.siteinfinito.com.br\/index.php?rest_route=%2Fwp%2Fv2%2Fcomments&post=3161"}],"version-history":[{"count":10,"href":"https:\/\/news.siteinfinito.com.br\/index.php?rest_route=\/wp\/v2\/posts\/3161\/revisions"}],"predecessor-version":[{"id":3191,"href":"https:\/\/news.siteinfinito.com.br\/index.php?rest_route=\/wp\/v2\/posts\/3161\/revisions\/3191"}],"wp:featuredmedia":[{"embeddable":true,"href":"https:\/\/news.siteinfinito.com.br\/index.php?rest_route=\/wp\/v2\/media\/3179"}],"wp:attachment":[{"href":"https:\/\/news.siteinfinito.com.br\/index.php?rest_route=%2Fwp%2Fv2%2Fmedia&parent=3161"}],"wp:term":[{"taxonomy":"category","embeddable":true,"href":"https:\/\/news.siteinfinito.com.br\/index.php?rest_route=%2Fwp%2Fv2%2Fcategories&post=3161"},{"taxonomy":"post_tag","embeddable":true,"href":"https:\/\/news.siteinfinito.com.br\/index.php?rest_route=%2Fwp%2Fv2%2Ftags&post=3161"}],"curies":[{"name":"wp","href":"https:\/\/api.w.org\/{rel}","templated":true}]}}