{"id":2619,"date":"2023-06-23T23:31:26","date_gmt":"2023-06-24T02:31:26","guid":{"rendered":"https:\/\/news.siteinfinito.com.br\/?p=2619"},"modified":"2023-06-23T23:31:26","modified_gmt":"2023-06-24T02:31:26","slug":"penitenciaria-i-de-pirajui-ganha-nova-sala-de-leitura-para-presos","status":"publish","type":"post","link":"https:\/\/news.siteinfinito.com.br\/?p=2619","title":{"rendered":"Penitenci\u00e1ria I de Piraju\u00ed ganha nova sala de leitura para presos"},"content":{"rendered":"\n<p>Na \u00faltima sexta-feira (22\/06), aconteceu na Penitenci\u00e1ria I \u201cDr. Walter Faria Pereira de Queiroz\u201d de Piraju\u00ed a inaugura\u00e7\u00e3o de mais uma sala de leitura do Projeto Salas da Liberdade.<\/p>\n\n\n\n<p>O projeto, desenvolvido pela Funda\u00e7\u00e3o &#8220;Prof. Dr. Manoel Pedro Pimentel&#8221; &#8211; FUNAP, tem como objetivo otimizar os espa\u00e7os f\u00edsicos destinados \u00e0s atividades de leitura em unidades prisionais da Secretaria da Administra\u00e7\u00e3o Penitenci\u00e1ria (SAP) do estado de S\u00e3o Paulo.<\/p>\n\n\n\n<p>O <a><\/a>evento contou com a presen\u00e7a de diversas autoridades. O Vice-Prefeito de Piraju\u00ed, Alexandre Faria Barroso, juntamente com Carlos Alberto Ferreira de Souza, coordenador das Unidades Prisionais da Regi\u00e3o Noroeste, Jos\u00e9 Marcos Holsapfel, chefe de gabinete da FUNAP, Leandro Eburneo Laposta, juiz do DEECRIM 3\u00b0RAJ de Bauru, Pedro de Castro e Sousa, juiz do DEECRIM 3\u00b0RAJ de Bauru e Paulo Rog\u00e9rio Prieto Martins dos Santos, diretor da Unidade Prisional, realizaram o descerramento da placa de inaugura\u00e7\u00e3o.<\/p>\n\n\n\n<p>A Sala de Leitura \u00e9 um espa\u00e7o acolhedor, cuidadosamente projetado e equipado para estimular o h\u00e1bito da leitura e promover a educa\u00e7\u00e3o dentro do ambiente prisional. Com uma sele\u00e7\u00e3o diversificada de livros, a sala proporciona aos detentos a oportunidade de ampliar seus horizontes, adquirir conhecimento e fortalecer seu processo de ressocializa\u00e7\u00e3o.<\/p>\n\n\n\n<p><em>Fonte e fotos: Funap\/SP<\/em><\/p>\n\n\n\n<figure class=\"wp-block-image aligncenter size-large\"><img loading=\"lazy\" decoding=\"async\" width=\"1024\" height=\"683\" src=\"http:\/\/news.siteinfinito.com.br\/wp-content\/uploads\/2023\/06\/WhatsApp-Image-2023-06-23-at-23.21.16-1024x683.jpeg\" alt=\"\" class=\"wp-image-2621\" srcset=\"https:\/\/news.siteinfinito.com.br\/wp-content\/uploads\/2023\/06\/WhatsApp-Image-2023-06-23-at-23.21.16-1024x683.jpeg 1024w, https:\/\/news.siteinfinito.com.br\/wp-content\/uploads\/2023\/06\/WhatsApp-Image-2023-06-23-at-23.21.16-300x200.jpeg 300w, https:\/\/news.siteinfinito.com.br\/wp-content\/uploads\/2023\/06\/WhatsApp-Image-2023-06-23-at-23.21.16-768x512.jpeg 768w, https:\/\/news.siteinfinito.com.br\/wp-content\/uploads\/2023\/06\/WhatsApp-Image-2023-06-23-at-23.21.16.jpeg 1134w\" sizes=\"auto, (max-width: 1024px) 100vw, 1024px\" \/><figcaption class=\"wp-element-caption\"><em>Sala de leitura possui livros para empr\u00e9stimo aos reeducandos da unidade prisional<\/em><\/figcaption><\/figure>\n\n\n\n<figure class=\"wp-block-image aligncenter size-large\"><img loading=\"lazy\" decoding=\"async\" width=\"1024\" height=\"683\" src=\"http:\/\/news.siteinfinito.com.br\/wp-content\/uploads\/2023\/06\/WhatsApp-Image-2023-06-23-at-23.21.14-1024x683.jpeg\" alt=\"\" class=\"wp-image-2622\" srcset=\"https:\/\/news.siteinfinito.com.br\/wp-content\/uploads\/2023\/06\/WhatsApp-Image-2023-06-23-at-23.21.14-1024x683.jpeg 1024w, https:\/\/news.siteinfinito.com.br\/wp-content\/uploads\/2023\/06\/WhatsApp-Image-2023-06-23-at-23.21.14-300x200.jpeg 300w, https:\/\/news.siteinfinito.com.br\/wp-content\/uploads\/2023\/06\/WhatsApp-Image-2023-06-23-at-23.21.14-768x512.jpeg 768w, https:\/\/news.siteinfinito.com.br\/wp-content\/uploads\/2023\/06\/WhatsApp-Image-2023-06-23-at-23.21.14.jpeg 1134w\" sizes=\"auto, (max-width: 1024px) 100vw, 1024px\" \/><figcaption class=\"wp-element-caption\"><em>Evento de inaugura\u00e7\u00e3o da sala de leitura<\/em><\/figcaption><\/figure>\n\n\n\n<figure class=\"wp-block-image aligncenter size-large\"><img loading=\"lazy\" decoding=\"async\" width=\"1024\" height=\"683\" src=\"http:\/\/news.siteinfinito.com.br\/wp-content\/uploads\/2023\/06\/WhatsApp-Image-2023-06-23-at-23.21.15-1024x683.jpeg\" alt=\"\" class=\"wp-image-2623\" srcset=\"https:\/\/news.siteinfinito.com.br\/wp-content\/uploads\/2023\/06\/WhatsApp-Image-2023-06-23-at-23.21.15-1024x683.jpeg 1024w, https:\/\/news.siteinfinito.com.br\/wp-content\/uploads\/2023\/06\/WhatsApp-Image-2023-06-23-at-23.21.15-300x200.jpeg 300w, https:\/\/news.siteinfinito.com.br\/wp-content\/uploads\/2023\/06\/WhatsApp-Image-2023-06-23-at-23.21.15-768x512.jpeg 768w, https:\/\/news.siteinfinito.com.br\/wp-content\/uploads\/2023\/06\/WhatsApp-Image-2023-06-23-at-23.21.15.jpeg 1134w\" sizes=\"auto, (max-width: 1024px) 100vw, 1024px\" \/><figcaption class=\"wp-element-caption\"><em>Autoridades prestigiaram o evento<\/em><\/figcaption><\/figure>\n","protected":false},"excerpt":{"rendered":"<p>Na \u00faltima sexta-feira (22\/06), aconteceu na Penitenci\u00e1ria I \u201cDr. Walter Faria Pereira de Queiroz\u201d de Piraju\u00ed a inaugura\u00e7\u00e3o de mais uma sala de leitura do Projeto Salas da Liberdade. O projeto, desenvolvido pela Funda\u00e7\u00e3o &#8220;Prof. Dr. Manoel Pedro Pimentel&#8221; &#8211; FUNAP, tem como objetivo otimizar os espa\u00e7os f\u00edsicos destinados \u00e0s atividades de leitura em unidades [&hellip;]<\/p>\n","protected":false},"author":2,"featured_media":2620,"comment_status":"open","ping_status":"open","sticky":false,"template":"","format":"standard","meta":{"om_disable_all_campaigns":false,"_monsterinsights_skip_tracking":false,"_monsterinsights_sitenote_active":false,"_monsterinsights_sitenote_note":"","_monsterinsights_sitenote_category":0,"footnotes":""},"categories":[6,1,14],"tags":[105,19,20,26,56,57],"class_list":["post-2619","post","type-post","status-publish","format-standard","has-post-thumbnail","hentry","category-cultura","category-destaques","category-noticias","tag-educacao-2","tag-pirajui","tag-pirajui-2","tag-pirajuinews","tag-sap","tag-sistemaprisional"],"_links":{"self":[{"href":"https:\/\/news.siteinfinito.com.br\/index.php?rest_route=\/wp\/v2\/posts\/2619","targetHints":{"allow":["GET"]}}],"collection":[{"href":"https:\/\/news.siteinfinito.com.br\/index.php?rest_route=\/wp\/v2\/posts"}],"about":[{"href":"https:\/\/news.siteinfinito.com.br\/index.php?rest_route=\/wp\/v2\/types\/post"}],"author":[{"embeddable":true,"href":"https:\/\/news.siteinfinito.com.br\/index.php?rest_route=\/wp\/v2\/users\/2"}],"replies":[{"embeddable":true,"href":"https:\/\/news.siteinfinito.com.br\/index.php?rest_route=%2Fwp%2Fv2%2Fcomments&post=2619"}],"version-history":[{"count":1,"href":"https:\/\/news.siteinfinito.com.br\/index.php?rest_route=\/wp\/v2\/posts\/2619\/revisions"}],"predecessor-version":[{"id":2624,"href":"https:\/\/news.siteinfinito.com.br\/index.php?rest_route=\/wp\/v2\/posts\/2619\/revisions\/2624"}],"wp:featuredmedia":[{"embeddable":true,"href":"https:\/\/news.siteinfinito.com.br\/index.php?rest_route=\/wp\/v2\/media\/2620"}],"wp:attachment":[{"href":"https:\/\/news.siteinfinito.com.br\/index.php?rest_route=%2Fwp%2Fv2%2Fmedia&parent=2619"}],"wp:term":[{"taxonomy":"category","embeddable":true,"href":"https:\/\/news.siteinfinito.com.br\/index.php?rest_route=%2Fwp%2Fv2%2Fcategories&post=2619"},{"taxonomy":"post_tag","embeddable":true,"href":"https:\/\/news.siteinfinito.com.br\/index.php?rest_route=%2Fwp%2Fv2%2Ftags&post=2619"}],"curies":[{"name":"wp","href":"https:\/\/api.w.org\/{rel}","templated":true}]}}