{"id":2455,"date":"2023-06-16T23:19:37","date_gmt":"2023-06-17T02:19:37","guid":{"rendered":"https:\/\/news.siteinfinito.com.br\/?p=2455"},"modified":"2023-06-16T23:26:34","modified_gmt":"2023-06-17T02:26:34","slug":"primeira-dama-de-pirajui-participa-do-6o-conexidades-em-jundiai","status":"publish","type":"post","link":"https:\/\/news.siteinfinito.com.br\/?p=2455","title":{"rendered":"Primeira-Dama de Piraju\u00ed participa do 6\u00ba Conexidades em Jundia\u00ed"},"content":{"rendered":"\n<p>A Primeira-Dama de Piraju\u00ed, Amanda Almeida Fiala, participou, na \u00faltima quinta-feira (15), do 6\u00ba Conexidades &#8211; Encontro Nacional de Parceiros P\u00fablicos e Privados, ocorrido na cidade de Jundia\u00ed-SP.<\/p>\n\n\n\n<p>O evento teve como objetivo discutir com v\u00e1rias lideran\u00e7as brasileiras sobre o futuro das cidades, al\u00e9m de instruir, orientar e preparar agentes p\u00fablicos visando a excel\u00eancia de suas fun\u00e7\u00f5es. Outro intuito \u00e9 fazer conex\u00e3o entre o poder p\u00fablico e as empresas interessadas em investir nos munic\u00edpios.<\/p>\n\n\n\n<p>Amanda participou de um debate promovido pela Comiss\u00e3o &#8220;Semeadoras do Agro&#8221; acerca do empreendedorismo feminino. A representante de Piraju\u00ed, que tamb\u00e9m \u00e9 presidente do Fundo Social da cidade, esteve ao lado das primeiras-damas de Caconde e Igarapava. O prefeito Cesar Fiala tamb\u00e9m prestigiou o confer\u00eancia.<\/p>\n\n\n\n<p>De acordo com a primeira-dama pirajuiense, participar desse encontro foi uma oportunidade de destacar o nome do munic\u00edpio e fortalecer os v\u00ednculos com entidades de todo o Estado. &#8220;Fui convidada pelos organizadores para falar um pouco sobre a forma que aux\u00edlio na gest\u00e3o municipal, como primeira-dama&#8221;. Amanda ainda disse que representar Piraju\u00ed no Conexidades gera fortalecimento para a cidade. &#8220;Nossa participa\u00e7\u00e3o ajuda, de certa forma, a somar com a gest\u00e3o municipal, solidificando conex\u00f5es entre institui\u00e7\u00f5es, parlamentares e sociedade civil&#8221;, explicou. <\/p>\n\n\n\n<p class=\"has-text-align-center\"><strong>Conexidades<\/strong><\/p>\n\n\n\n<p>O 6\u00ba Conexidades contou com participa\u00e7\u00f5es especiais, como a do ex-presidente do Brasil, Michel Temer, e expressivo apoio, para realiza\u00e7\u00e3o do evento, da Uni\u00e3o dos Vereadores do Estado de S\u00e3o Paulo (Uvesp), da&nbsp;Associa\u00e7\u00e3o Paulista de Munic\u00edpios, da Uni\u00e3o dos Vereadores do Brasil, da Associa\u00e7\u00e3o de Desenvolvimento dos Munic\u00edpios do Estado de S\u00e3o Paulo, do Tribunal de Contas do Estado, entre outros apoiadores.<\/p>\n\n\n\n<p><em>Fonte: Equipe Piraju\u00edNews<\/em><\/p>\n\n\n\n<figure class=\"wp-block-image aligncenter size-full\"><img loading=\"lazy\" decoding=\"async\" width=\"720\" height=\"540\" src=\"http:\/\/news.siteinfinito.com.br\/wp-content\/uploads\/2023\/06\/0FF8B6F6-74D0-42E5-8BDF-6A35CD7E8632.jpg\" alt=\"\" class=\"wp-image-2457\" srcset=\"https:\/\/news.siteinfinito.com.br\/wp-content\/uploads\/2023\/06\/0FF8B6F6-74D0-42E5-8BDF-6A35CD7E8632.jpg 720w, https:\/\/news.siteinfinito.com.br\/wp-content\/uploads\/2023\/06\/0FF8B6F6-74D0-42E5-8BDF-6A35CD7E8632-300x225.jpg 300w\" sizes=\"auto, (max-width: 720px) 100vw, 720px\" \/><figcaption class=\"wp-element-caption\"><em>Primeira-dama Amanda e Prefeito Cesar Fiala ao centro. Ao lado, demais representantes de munic\u00edpios paulistas<\/em><\/figcaption><\/figure>\n\n\n\n<figure class=\"wp-block-image aligncenter size-full\"><img loading=\"lazy\" decoding=\"async\" width=\"720\" height=\"540\" src=\"http:\/\/news.siteinfinito.com.br\/wp-content\/uploads\/2023\/06\/5FB7DC95-3035-437F-AC8F-FC1A9BA160CD-1.jpg\" alt=\"\" class=\"wp-image-2460\" srcset=\"https:\/\/news.siteinfinito.com.br\/wp-content\/uploads\/2023\/06\/5FB7DC95-3035-437F-AC8F-FC1A9BA160CD-1.jpg 720w, https:\/\/news.siteinfinito.com.br\/wp-content\/uploads\/2023\/06\/5FB7DC95-3035-437F-AC8F-FC1A9BA160CD-1-300x225.jpg 300w\" sizes=\"auto, (max-width: 720px) 100vw, 720px\" \/><figcaption class=\"wp-element-caption\"><em>Amanda falou sobre a import\u00e2ncia das mulheres na lideran\u00e7a e como gestoras p\u00fablicas<\/em><\/figcaption><\/figure>\n","protected":false},"excerpt":{"rendered":"<p>A Primeira-Dama de Piraju\u00ed, Amanda Almeida Fiala, participou, na \u00faltima quinta-feira (15), do 6\u00ba Conexidades &#8211; Encontro Nacional de Parceiros P\u00fablicos e Privados, ocorrido na cidade de Jundia\u00ed-SP. O evento teve como objetivo discutir com v\u00e1rias lideran\u00e7as brasileiras sobre o futuro das cidades, al\u00e9m de instruir, orientar e preparar agentes p\u00fablicos visando a excel\u00eancia de [&hellip;]<\/p>\n","protected":false},"author":2,"featured_media":2456,"comment_status":"open","ping_status":"open","sticky":false,"template":"","format":"standard","meta":{"om_disable_all_campaigns":false,"_monsterinsights_skip_tracking":false,"_monsterinsights_sitenote_active":false,"_monsterinsights_sitenote_note":"","_monsterinsights_sitenote_category":0,"footnotes":""},"categories":[6,1,8,14],"tags":[104,19,20,26,75],"class_list":["post-2455","post","type-post","status-publish","format-standard","has-post-thumbnail","hentry","category-cultura","category-destaques","category-eventos","category-noticias","tag-conexidades","tag-pirajui","tag-pirajui-2","tag-pirajuinews","tag-prefeitura"],"_links":{"self":[{"href":"https:\/\/news.siteinfinito.com.br\/index.php?rest_route=\/wp\/v2\/posts\/2455","targetHints":{"allow":["GET"]}}],"collection":[{"href":"https:\/\/news.siteinfinito.com.br\/index.php?rest_route=\/wp\/v2\/posts"}],"about":[{"href":"https:\/\/news.siteinfinito.com.br\/index.php?rest_route=\/wp\/v2\/types\/post"}],"author":[{"embeddable":true,"href":"https:\/\/news.siteinfinito.com.br\/index.php?rest_route=\/wp\/v2\/users\/2"}],"replies":[{"embeddable":true,"href":"https:\/\/news.siteinfinito.com.br\/index.php?rest_route=%2Fwp%2Fv2%2Fcomments&post=2455"}],"version-history":[{"count":5,"href":"https:\/\/news.siteinfinito.com.br\/index.php?rest_route=\/wp\/v2\/posts\/2455\/revisions"}],"predecessor-version":[{"id":2464,"href":"https:\/\/news.siteinfinito.com.br\/index.php?rest_route=\/wp\/v2\/posts\/2455\/revisions\/2464"}],"wp:featuredmedia":[{"embeddable":true,"href":"https:\/\/news.siteinfinito.com.br\/index.php?rest_route=\/wp\/v2\/media\/2456"}],"wp:attachment":[{"href":"https:\/\/news.siteinfinito.com.br\/index.php?rest_route=%2Fwp%2Fv2%2Fmedia&parent=2455"}],"wp:term":[{"taxonomy":"category","embeddable":true,"href":"https:\/\/news.siteinfinito.com.br\/index.php?rest_route=%2Fwp%2Fv2%2Fcategories&post=2455"},{"taxonomy":"post_tag","embeddable":true,"href":"https:\/\/news.siteinfinito.com.br\/index.php?rest_route=%2Fwp%2Fv2%2Ftags&post=2455"}],"curies":[{"name":"wp","href":"https:\/\/api.w.org\/{rel}","templated":true}]}}