{"id":2262,"date":"2023-05-22T07:21:48","date_gmt":"2023-05-22T10:21:48","guid":{"rendered":"https:\/\/news.siteinfinito.com.br\/?p=2262"},"modified":"2023-05-22T08:17:26","modified_gmt":"2023-05-22T11:17:26","slug":"pirajui-tera-representante-em-grupos-de-trabalho-do-conselho-estadual-da-juventude","status":"publish","type":"post","link":"https:\/\/news.siteinfinito.com.br\/?p=2262","title":{"rendered":"Piraju\u00ed ter\u00e1 representante em grupos de trabalho do Conselho Estadual da Juventude"},"content":{"rendered":"\n<p>Na \u00faltima quarta-feira, dia 17 de maio, aconteceu no Pal\u00e1cio dos Bandeirantes, em S\u00e3o Paulo, a solenidade de posse dos 24 novos conselheiros e suplentes do Conselho Estadual da Juventude. Al\u00e9m dos novos membros, foram criados grupos que trabalho divididos por eixos e regi\u00f5es. Na microrregi\u00e3o de Bauru, a vereadora de Piraju\u00ed Yara Falavinha (Republicanos) ser\u00e1 a representante oficial do comit\u00ea estadual.<\/p>\n\n\n\n<p>O Conselho Estadual da Juventude tem como principal fun\u00e7\u00e3o propor e consolidar a\u00e7\u00f5es voltadas ao p\u00fablico jovem, abrangendo faixas et\u00e1rias de 15 a 29 anos, em todas as Secretarias Estaduais. O convite \u00e0 vereadora Yara foi feito pelo coordenador de Pol\u00edticas para a Juventude do Estado de S\u00e3o Paulo, Juliano Borges, que a nomeou para representar 21 munic\u00edpios da microrregi\u00e3o de Bauru, sendo eles: Agudos, Arealva, Arei\u00f3polis, Ava\u00ed, Balbinos, Bauru, Borebi, Cabr\u00e1lia Paulista, Duartina, Guarant\u00e3, Iacanga, Len\u00e7\u00f3is Paulista, Lucian\u00f3polis, Paulist\u00e2nia, Piraju\u00ed, Piratininga, Ponga\u00ed, Presidente Alves, Regin\u00f3polis, Ubirajara e Uru.<\/p>\n\n\n\n<p>O papel dos grupos regionais \u00e9 auxiliar na formula\u00e7\u00e3o, elabora\u00e7\u00e3o e organiza\u00e7\u00e3o de a\u00e7\u00f5es descentralizadas da agenda de Pol\u00edticas P\u00fablicas de Juventude da presid\u00eancia do Conselho Estadual da Juventude nas microrregi\u00f5es. Al\u00e9m de ajudar a desenhar o programa de pol\u00edticas p\u00fablicas voltada aos jovens e adolescentes junto ao Governo do Estado.&nbsp;<\/p>\n\n\n\n<p>Para a vereadora Yara, \u00e9 uma grande satisfa\u00e7\u00e3o representar Piraju\u00ed e a microrregi\u00e3o de Bauru na c\u00e2mara de trabalho do Conselho Estadual da Juventude. \u201cAgrade\u00e7o a Deus, primeiramente, pela oportunidade de participar desse grupo. Tamb\u00e9m agrade\u00e7o ao prefeito Cesar Fiala, que sempre nos ajuda a articular avan\u00e7os para nosso munic\u00edpio; ao presidente do partido Republicanos em Piraju\u00ed, Chico Fiala, e ao coordenador Juliano Borges, pela indica\u00e7\u00e3o para fazer parte desse trabalho\u201d, disse Yara \u00e0 reportagem do Piraju\u00edNews.<\/p>\n\n\n\n<p>\u201cFicamos \u00e0 disposi\u00e7\u00e3o da popula\u00e7\u00e3o e sempre informaremos toda vez que tivermos reuni\u00f5es em S\u00e3o Paulo com o Conselho Estadual da Juventude para levar quest\u00f5es aos conselheiros e ao Governador\u201d, finalizou a vereadora.<\/p>\n\n\n\n<p><em>Equipe Piraju\u00edNews<\/em><\/p>\n\n\n\n<figure class=\"wp-block-image aligncenter size-large\"><img loading=\"lazy\" decoding=\"async\" width=\"1024\" height=\"576\" src=\"http:\/\/news.siteinfinito.com.br\/wp-content\/uploads\/2023\/05\/WhatsApp-Image-2023-05-19-at-16.28.47-1-1024x576.jpeg\" alt=\"\" class=\"wp-image-2266\" srcset=\"https:\/\/news.siteinfinito.com.br\/wp-content\/uploads\/2023\/05\/WhatsApp-Image-2023-05-19-at-16.28.47-1-1024x576.jpeg 1024w, https:\/\/news.siteinfinito.com.br\/wp-content\/uploads\/2023\/05\/WhatsApp-Image-2023-05-19-at-16.28.47-1-300x169.jpeg 300w, https:\/\/news.siteinfinito.com.br\/wp-content\/uploads\/2023\/05\/WhatsApp-Image-2023-05-19-at-16.28.47-1-768x432.jpeg 768w, https:\/\/news.siteinfinito.com.br\/wp-content\/uploads\/2023\/05\/WhatsApp-Image-2023-05-19-at-16.28.47-1-1536x864.jpeg 1536w, https:\/\/news.siteinfinito.com.br\/wp-content\/uploads\/2023\/05\/WhatsApp-Image-2023-05-19-at-16.28.47-1.jpeg 1600w\" sizes=\"auto, (max-width: 1024px) 100vw, 1024px\" \/><figcaption class=\"wp-element-caption\"><em>Yara (\u00e0 esquerda) ao lado de Gilberto Kassab, Secret\u00e1rio de Governo e Rela\u00e7\u00f5es Institucionais do Estado de S\u00e3o Paulo, e de outros representantes dos mun\u00edcipios paulistas<\/em><br><br><img decoding=\"async\" src=\"http:\/\/news.siteinfinito.com.br\/wp-content\/uploads\/2023\/05\/WhatsApp-Image-2023-05-19-at-16.28.49-1024x768.jpeg\" alt=\"\"><br><br><em>Vereadora (de jaqueta marrom) ao lado de demais representantes dos mun\u00edcipios na posse dos novos conselheiros do Conselho Estadual da Juventude<\/em><br><br><br><br><br><br><br><\/figcaption><\/figure>\n","protected":false},"excerpt":{"rendered":"<p>Na \u00faltima quarta-feira, dia 17 de maio, aconteceu no Pal\u00e1cio dos Bandeirantes, em S\u00e3o Paulo, a solenidade de posse dos 24 novos conselheiros e suplentes do Conselho Estadual da Juventude. Al\u00e9m dos novos membros, foram criados grupos que trabalho divididos por eixos e regi\u00f5es. Na microrregi\u00e3o de Bauru, a vereadora de Piraju\u00ed Yara Falavinha (Republicanos) [&hellip;]<\/p>\n","protected":false},"author":2,"featured_media":2265,"comment_status":"open","ping_status":"open","sticky":false,"template":"","format":"standard","meta":{"om_disable_all_campaigns":false,"_monsterinsights_skip_tracking":false,"_monsterinsights_sitenote_active":false,"_monsterinsights_sitenote_note":"","_monsterinsights_sitenote_category":0,"footnotes":""},"categories":[1,14],"tags":[83,20,26],"class_list":["post-2262","post","type-post","status-publish","format-standard","has-post-thumbnail","hentry","category-destaques","category-noticias","tag-governosp","tag-pirajui-2","tag-pirajuinews"],"_links":{"self":[{"href":"https:\/\/news.siteinfinito.com.br\/index.php?rest_route=\/wp\/v2\/posts\/2262","targetHints":{"allow":["GET"]}}],"collection":[{"href":"https:\/\/news.siteinfinito.com.br\/index.php?rest_route=\/wp\/v2\/posts"}],"about":[{"href":"https:\/\/news.siteinfinito.com.br\/index.php?rest_route=\/wp\/v2\/types\/post"}],"author":[{"embeddable":true,"href":"https:\/\/news.siteinfinito.com.br\/index.php?rest_route=\/wp\/v2\/users\/2"}],"replies":[{"embeddable":true,"href":"https:\/\/news.siteinfinito.com.br\/index.php?rest_route=%2Fwp%2Fv2%2Fcomments&post=2262"}],"version-history":[{"count":4,"href":"https:\/\/news.siteinfinito.com.br\/index.php?rest_route=\/wp\/v2\/posts\/2262\/revisions"}],"predecessor-version":[{"id":2270,"href":"https:\/\/news.siteinfinito.com.br\/index.php?rest_route=\/wp\/v2\/posts\/2262\/revisions\/2270"}],"wp:featuredmedia":[{"embeddable":true,"href":"https:\/\/news.siteinfinito.com.br\/index.php?rest_route=\/wp\/v2\/media\/2265"}],"wp:attachment":[{"href":"https:\/\/news.siteinfinito.com.br\/index.php?rest_route=%2Fwp%2Fv2%2Fmedia&parent=2262"}],"wp:term":[{"taxonomy":"category","embeddable":true,"href":"https:\/\/news.siteinfinito.com.br\/index.php?rest_route=%2Fwp%2Fv2%2Fcategories&post=2262"},{"taxonomy":"post_tag","embeddable":true,"href":"https:\/\/news.siteinfinito.com.br\/index.php?rest_route=%2Fwp%2Fv2%2Ftags&post=2262"}],"curies":[{"name":"wp","href":"https:\/\/api.w.org\/{rel}","templated":true}]}}