{"id":2164,"date":"2023-05-05T07:03:15","date_gmt":"2023-05-05T10:03:15","guid":{"rendered":"https:\/\/news.siteinfinito.com.br\/?p=2164"},"modified":"2023-05-05T07:12:59","modified_gmt":"2023-05-05T10:12:59","slug":"presos-de-pirajui-balbinos-e-reginopolis-participarao-da-olimpiada-de-matematica","status":"publish","type":"post","link":"https:\/\/news.siteinfinito.com.br\/?p=2164","title":{"rendered":"Presos de Piraju\u00ed, Balbinos e Regin\u00f3polis participar\u00e3o da Olimp\u00edada de Matem\u00e1tica"},"content":{"rendered":"\n<p>Os pres\u00eddios subordinados \u00e0 Coordenadoria da Regi\u00e3o Noroeste (CRN) inscreveram\u00a04.006\u00a0reeducandos\u00a0na 18\u00aa Olimp\u00edada Brasileira de Matem\u00e1tica das Escolas P\u00fablicas (Obmep).\u00a0O n\u00famero representa um aumento de 5% na quantidade de inscritos em rela\u00e7\u00e3o ao ano passado, quando 3.804\u00a0presos estavam aptos a disputarem a maior\u00a0competi\u00e7\u00e3o cient\u00edfica do pa\u00eds.\u00a0Nas sete unidades prisionais da regi\u00e3o (Piraju\u00ed, Balbinos e Regin\u00f3polis), 707\u00a0detentos foram inscritos no exame\u00a0<strong>(veja quadro abaixo)<\/strong>.\u00a0<\/p>\n\n\n\n<p><a><\/a>Com o objetivo de preparar as pessoas privadas de liberdade para o retorno \u00e0 vida em sociedade, as secretarias de Estado da Administra\u00e7\u00e3o Penitenci\u00e1ria (SAP) e da Educa\u00e7\u00e3o (Seduc-SP) v\u00eam estimulando, cada vez mais, os&nbsp;reeducandos&nbsp;a participarem da Ol\u00edmpiada de Matem\u00e1tica. Em \u00e2mbito estadual, a Pasta inscreveu 15.439 detentos no torneio.&nbsp;<\/p>\n\n\n\n<p>Presos&nbsp;que n\u00e3o possuem forma\u00e7\u00e3o escolar podem, inclusive, concluir os estudos enquanto cumprem pena. Isso \u00e9 poss\u00edvel gra\u00e7as \u00e0s escolas vinculadoras instaladas dentro dos pres\u00eddios, que oferecem forma\u00e7\u00e3o dos ensinos Fundamental e M\u00e9dio. Os reclusos tamb\u00e9m participam de cursos de l\u00ednguas, profissionalizantes e do Ensino Superior.&nbsp;<\/p>\n\n\n\n<p><strong>DESTAQUES<\/strong><\/p>\n\n\n\n<p>Realizada pelo Instituto de Matem\u00e1tica Pura e Aplicada (IMPA), a&nbsp;Obmep&nbsp;\u00e9 uma realidade no sistema prisional paulista desde 2012. A&nbsp;SAP, inclusive, tem hist\u00f3rico positivo na Olimp\u00edada.&nbsp;<\/p>\n\n\n\n<p>Na edi\u00e7\u00e3o de 2017, um presidi\u00e1rio colombiano,&nbsp;que cumpria pena na Penitenci\u00e1ria \u201cCabo PM Marcelo Pires da Silva\u201d de Ita\u00ed, faturou a medalha de ouro. Ele foi o primeiro preso na hist\u00f3ria do torneio a levar o pr\u00eamio m\u00e1ximo.&nbsp;<\/p>\n\n\n\n<p>Em 2018, dois detentos conseguiram prata e bronze. J\u00e1 em 2019, outro preso da Penitenci\u00e1ria de Ita\u00ed, de origem francesa, foi condecorado com a ins\u00edgnia de bronze.<\/p>\n\n\n\n<p>No ano passado, mais dois&nbsp;detentos&nbsp;da regi\u00e3o noroeste se destacaram: um da Penitenci\u00e1ria de Ita\u00ed, que conquistou medalha de prata, e outro da Penitenci\u00e1ria I \u201cRodrigo dos Santos Freitas\u201d de&nbsp;Balbinos, que faturou bronze.&nbsp;<\/p>\n\n\n\n<p><strong>DUAS FASES<\/strong><\/p>\n\n\n\n<p>\u200bA Olimp\u00edada \u00e9 dividida em duas fases. A primeira etapa, em que os participantes fazem uma prova objetiva de 20 quest\u00f5es, ocorrer\u00e1 em 30 de maio. A lista de aprovados ser\u00e1 divulgada em 2 de agosto. Composta por uma prova discursiva e seis perguntas, a segunda fase da&nbsp;Obmep&nbsp;est\u00e1 agendada para o dia 7 de outubro.&nbsp;<\/p>\n\n\n\n<p>As&nbsp;avalia\u00e7\u00f5es&nbsp;s\u00e3o preparadas de acordo com o grau de escolaridade do aluno: N\u00edvel 1 (6\u00ba e 7\u00ba anos), N\u00edvel 2 (8\u00ba e 9\u00ba anos) e N\u00edvel 3 (Ensino M\u00e9dio).&nbsp;Os estudantes que se destacarem no torneio s\u00e3o premiados com medalhas de ouro, prata e bronze, conforme a classifica\u00e7\u00e3o. H\u00e1, ainda, men\u00e7\u00f5es honrosas que s\u00e3o concedidas a milhares de participantes da disputa nacional.<\/p>\n\n\n\n<p><strong>2023: INSCRI\u00c7\u00d5ES EM N\u00daMEROS<\/strong><\/p>\n\n\n\n<figure class=\"wp-block-table\"><table><tbody><tr><td><strong>Unidade Prisional&nbsp;<\/strong><\/td><td><strong>Total de inscritos<\/strong><\/td><\/tr><tr><td>&nbsp;<\/td><td>&nbsp;<\/td><\/tr><tr><td><strong>Penit<\/strong><strong>. I &#8220;Rodrigo dos Santos Freitas&#8221; de&nbsp;<\/strong><strong>Balbinos<\/strong><\/td><td>35<\/td><\/tr><tr><td><strong>Penit<\/strong><strong>. II &#8220;Gilmar Monteiro de Souza&#8221; de&nbsp;<\/strong><strong>Balbinos<\/strong><\/td><td>60<\/td><\/tr><tr><td><strong>Penit<\/strong><strong>. Feminina &#8220;Sandra Ap.&nbsp;<\/strong><strong>Lario<\/strong><strong>&nbsp;Viana&#8221; de Piraju\u00ed&nbsp;<\/strong><\/td><td>105<\/td><\/tr><tr><td><strong>Penit<\/strong><strong>. I \u201cDr. Walter Faria Pereira de Queir<\/strong><strong>o<\/strong><strong>z\u201d de Piraju\u00ed<\/strong><\/td><td>25<\/td><\/tr><tr><td><strong>Penit<\/strong><strong>. II &#8220;Luiz Gonzaga Vieira&#8221; de Piraju\u00ed<\/strong><\/td><td>202<\/td><\/tr><tr><td><strong>P. I &#8220;Ten. PM Jos\u00e9 Alfredo Cintra&nbsp;<\/strong><strong>Borin<\/strong><strong>&#8221;&nbsp;<\/strong><strong>Regin\u00f3polis<\/strong><\/td><td>140<\/td><\/tr><tr><td><strong>P. II &#8220;<\/strong><strong>Sgto<\/strong><strong>. PM Antonio Luiz de Sousa<\/strong><strong>&#8221; &nbsp;<\/strong><strong>Regin\u00f3polis<\/strong><\/td><td>140<\/td><\/tr><tr><td><strong>TOTAL<\/strong><\/td><td><strong>707<\/strong><\/td><\/tr><\/tbody><\/table><figcaption class=\"wp-element-caption\"><br><\/figcaption><\/figure>\n\n\n\n<p>Fonte: Assessoria de Imprensa SAP<\/p>\n","protected":false},"excerpt":{"rendered":"<p>Os pres\u00eddios subordinados \u00e0 Coordenadoria da Regi\u00e3o Noroeste (CRN) inscreveram\u00a04.006\u00a0reeducandos\u00a0na 18\u00aa Olimp\u00edada Brasileira de Matem\u00e1tica das Escolas P\u00fablicas (Obmep).\u00a0O n\u00famero representa um aumento de 5% na quantidade de inscritos em rela\u00e7\u00e3o ao ano passado, quando 3.804\u00a0presos estavam aptos a disputarem a maior\u00a0competi\u00e7\u00e3o cient\u00edfica do pa\u00eds.\u00a0Nas sete unidades prisionais da regi\u00e3o (Piraju\u00ed, Balbinos e Regin\u00f3polis), 707\u00a0detentos [&hellip;]<\/p>\n","protected":false},"author":2,"featured_media":2165,"comment_status":"open","ping_status":"open","sticky":false,"template":"","format":"standard","meta":{"om_disable_all_campaigns":false,"_monsterinsights_skip_tracking":false,"_monsterinsights_sitenote_active":false,"_monsterinsights_sitenote_note":"","_monsterinsights_sitenote_category":0,"footnotes":""},"categories":[6,1,14],"tags":[24,73,19,20,18,21,56],"class_list":["post-2164","post","type-post","status-publish","format-standard","has-post-thumbnail","hentry","category-cultura","category-destaques","category-noticias","tag-balbinos","tag-obmep","tag-pirajui","tag-pirajui-2","tag-reginopolis","tag-reginopolis-2","tag-sap"],"_links":{"self":[{"href":"https:\/\/news.siteinfinito.com.br\/index.php?rest_route=\/wp\/v2\/posts\/2164","targetHints":{"allow":["GET"]}}],"collection":[{"href":"https:\/\/news.siteinfinito.com.br\/index.php?rest_route=\/wp\/v2\/posts"}],"about":[{"href":"https:\/\/news.siteinfinito.com.br\/index.php?rest_route=\/wp\/v2\/types\/post"}],"author":[{"embeddable":true,"href":"https:\/\/news.siteinfinito.com.br\/index.php?rest_route=\/wp\/v2\/users\/2"}],"replies":[{"embeddable":true,"href":"https:\/\/news.siteinfinito.com.br\/index.php?rest_route=%2Fwp%2Fv2%2Fcomments&post=2164"}],"version-history":[{"count":2,"href":"https:\/\/news.siteinfinito.com.br\/index.php?rest_route=\/wp\/v2\/posts\/2164\/revisions"}],"predecessor-version":[{"id":2167,"href":"https:\/\/news.siteinfinito.com.br\/index.php?rest_route=\/wp\/v2\/posts\/2164\/revisions\/2167"}],"wp:featuredmedia":[{"embeddable":true,"href":"https:\/\/news.siteinfinito.com.br\/index.php?rest_route=\/wp\/v2\/media\/2165"}],"wp:attachment":[{"href":"https:\/\/news.siteinfinito.com.br\/index.php?rest_route=%2Fwp%2Fv2%2Fmedia&parent=2164"}],"wp:term":[{"taxonomy":"category","embeddable":true,"href":"https:\/\/news.siteinfinito.com.br\/index.php?rest_route=%2Fwp%2Fv2%2Fcategories&post=2164"},{"taxonomy":"post_tag","embeddable":true,"href":"https:\/\/news.siteinfinito.com.br\/index.php?rest_route=%2Fwp%2Fv2%2Ftags&post=2164"}],"curies":[{"name":"wp","href":"https:\/\/api.w.org\/{rel}","templated":true}]}}