{"id":1907,"date":"2023-04-26T19:22:54","date_gmt":"2023-04-26T22:22:54","guid":{"rendered":"https:\/\/news.siteinfinito.com.br\/?p=1907"},"modified":"2023-04-26T19:22:55","modified_gmt":"2023-04-26T22:22:55","slug":"pirajui-tera-palestra-e-caminhada-de-conscientizacao-sobre-o-autismo","status":"publish","type":"post","link":"https:\/\/news.siteinfinito.com.br\/?p=1907","title":{"rendered":"<strong>Piraju\u00ed ter\u00e1 palestra e caminhada de conscientiza\u00e7\u00e3o sobre o Autismo<\/strong>"},"content":{"rendered":"\n<p>Nesta semana, a cidade de Piraju\u00ed contar\u00e1 com duas a\u00e7\u00f5es para promover a conscientiza\u00e7\u00e3o sobre o Autismo ou Transtorno de Espectro Austista (TEA). Nesta quinta-feira (27), \u00e0s 19h30, no Parque Clube de Piraju\u00ed, haver\u00e1 uma palestra com psic\u00f3loga e advogado para abordar os aspectos gerais do autismo, al\u00e9m de \u201creunir o maior n\u00famero de pessoas para essa causa t\u00e3o importante na nossa atualidade\u201d, explica Thiago Azevedo, um dos organizadores da iniciativa.<\/p>\n\n\n\n<p>J\u00e1 no s\u00e1bado (29), \u00e0s 9h da manh\u00e3, haver\u00e1 a 2\u00aa Caminhada de Conscientiza\u00e7\u00e3o do Autismo. A atividade ser\u00e1 iniciada em frente \u00e0 Prefeitura Municipal com percurso at\u00e9 o Jardim dos Turcos. Recomenda-se o uso de camiseta branca ou azul aos participantes.<\/p>\n\n\n\n<p>O projeto celebra o Abril Azul &#8211; m\u00eas de conscientiza\u00e7\u00e3o sobre o Autismo &#8211; e tem o apoio do Fundo Social de Piraju\u00ed, da Secretaria Municipal de Educa\u00e7\u00e3o, da Prefeitura Municipal e do grupo TEAmamos.<\/p>\n\n\n\n<figure class=\"wp-block-image size-full\"><img loading=\"lazy\" decoding=\"async\" width=\"802\" height=\"800\" src=\"http:\/\/news.siteinfinito.com.br\/wp-content\/uploads\/2023\/04\/autismo-3.jpg\" alt=\"\" class=\"wp-image-1910\" srcset=\"https:\/\/news.siteinfinito.com.br\/wp-content\/uploads\/2023\/04\/autismo-3.jpg 802w, https:\/\/news.siteinfinito.com.br\/wp-content\/uploads\/2023\/04\/autismo-3-300x300.jpg 300w, https:\/\/news.siteinfinito.com.br\/wp-content\/uploads\/2023\/04\/autismo-3-150x150.jpg 150w, https:\/\/news.siteinfinito.com.br\/wp-content\/uploads\/2023\/04\/autismo-3-768x766.jpg 768w\" sizes=\"auto, (max-width: 802px) 100vw, 802px\" \/><figcaption class=\"wp-element-caption\">Divulga\u00e7\u00e3o: Thiago Azevedo<\/figcaption><\/figure>\n\n\n\n<figure class=\"wp-block-image size-large is-resized\"><img loading=\"lazy\" decoding=\"async\" src=\"http:\/\/news.siteinfinito.com.br\/wp-content\/uploads\/2023\/04\/autismo-2-1024x1024.jpg\" alt=\"\" class=\"wp-image-1911\" width=\"803\" height=\"803\" srcset=\"https:\/\/news.siteinfinito.com.br\/wp-content\/uploads\/2023\/04\/autismo-2-1024x1024.jpg 1024w, https:\/\/news.siteinfinito.com.br\/wp-content\/uploads\/2023\/04\/autismo-2-300x300.jpg 300w, https:\/\/news.siteinfinito.com.br\/wp-content\/uploads\/2023\/04\/autismo-2-150x150.jpg 150w, https:\/\/news.siteinfinito.com.br\/wp-content\/uploads\/2023\/04\/autismo-2-768x768.jpg 768w, https:\/\/news.siteinfinito.com.br\/wp-content\/uploads\/2023\/04\/autismo-2-1536x1536.jpg 1536w, https:\/\/news.siteinfinito.com.br\/wp-content\/uploads\/2023\/04\/autismo-2.jpg 1600w\" sizes=\"auto, (max-width: 803px) 100vw, 803px\" \/><figcaption class=\"wp-element-caption\">Divulga\u00e7\u00e3o: Prefeitura Municipal de Piraju\u00ed<\/figcaption><\/figure>\n","protected":false},"excerpt":{"rendered":"<p>Nesta semana, a cidade de Piraju\u00ed contar\u00e1 com duas a\u00e7\u00f5es para promover a conscientiza\u00e7\u00e3o sobre o Autismo ou Transtorno de Espectro Austista (TEA). Nesta quinta-feira (27), \u00e0s 19h30, no Parque Clube de Piraju\u00ed, haver\u00e1 uma palestra com psic\u00f3loga e advogado para abordar os aspectos gerais do autismo, al\u00e9m de \u201creunir o maior n\u00famero de pessoas [&hellip;]<\/p>\n","protected":false},"author":2,"featured_media":1909,"comment_status":"open","ping_status":"open","sticky":false,"template":"","format":"standard","meta":{"om_disable_all_campaigns":false,"_monsterinsights_skip_tracking":false,"_monsterinsights_sitenote_active":false,"_monsterinsights_sitenote_note":"","_monsterinsights_sitenote_category":0,"footnotes":""},"categories":[1,14],"tags":[70,19,20,26],"class_list":["post-1907","post","type-post","status-publish","format-standard","has-post-thumbnail","hentry","category-destaques","category-noticias","tag-autismo","tag-pirajui","tag-pirajui-2","tag-pirajuinews"],"_links":{"self":[{"href":"https:\/\/news.siteinfinito.com.br\/index.php?rest_route=\/wp\/v2\/posts\/1907","targetHints":{"allow":["GET"]}}],"collection":[{"href":"https:\/\/news.siteinfinito.com.br\/index.php?rest_route=\/wp\/v2\/posts"}],"about":[{"href":"https:\/\/news.siteinfinito.com.br\/index.php?rest_route=\/wp\/v2\/types\/post"}],"author":[{"embeddable":true,"href":"https:\/\/news.siteinfinito.com.br\/index.php?rest_route=\/wp\/v2\/users\/2"}],"replies":[{"embeddable":true,"href":"https:\/\/news.siteinfinito.com.br\/index.php?rest_route=%2Fwp%2Fv2%2Fcomments&post=1907"}],"version-history":[{"count":2,"href":"https:\/\/news.siteinfinito.com.br\/index.php?rest_route=\/wp\/v2\/posts\/1907\/revisions"}],"predecessor-version":[{"id":1912,"href":"https:\/\/news.siteinfinito.com.br\/index.php?rest_route=\/wp\/v2\/posts\/1907\/revisions\/1912"}],"wp:featuredmedia":[{"embeddable":true,"href":"https:\/\/news.siteinfinito.com.br\/index.php?rest_route=\/wp\/v2\/media\/1909"}],"wp:attachment":[{"href":"https:\/\/news.siteinfinito.com.br\/index.php?rest_route=%2Fwp%2Fv2%2Fmedia&parent=1907"}],"wp:term":[{"taxonomy":"category","embeddable":true,"href":"https:\/\/news.siteinfinito.com.br\/index.php?rest_route=%2Fwp%2Fv2%2Fcategories&post=1907"},{"taxonomy":"post_tag","embeddable":true,"href":"https:\/\/news.siteinfinito.com.br\/index.php?rest_route=%2Fwp%2Fv2%2Ftags&post=1907"}],"curies":[{"name":"wp","href":"https:\/\/api.w.org\/{rel}","templated":true}]}}