{"id":1867,"date":"2023-04-24T15:55:15","date_gmt":"2023-04-24T18:55:15","guid":{"rendered":"https:\/\/news.siteinfinito.com.br\/?p=1867"},"modified":"2023-04-24T15:57:48","modified_gmt":"2023-04-24T18:57:48","slug":"mes-da-atividade-fisica-movimenta-servidores-do-sistema-prisional-de-pirajui","status":"publish","type":"post","link":"https:\/\/news.siteinfinito.com.br\/?p=1867","title":{"rendered":"<strong>M\u00eas da atividade f\u00edsica movimenta servidores do sistema prisional de Piraju\u00ed<\/strong>"},"content":{"rendered":"\n<p>O m\u00eas de abril \u00e9 marcado por a\u00e7\u00f5es ao Dia Mundial da Atividade F\u00edsica, celebrado no \u00faltimo dia 6. Reservada para conscientizar e mobilizar sobre a import\u00e2ncia da pr\u00e1tica regular de exerc\u00edcios f\u00edsicos, a data foi comemorada por servidores da Secretaria da Administra\u00e7\u00e3o Penitenci\u00e1ria (SAP) com diversas atividades, realizadas tanto na sede administrativa da Coordenadoria da Regi\u00e3o Noroeste (CRN), em Piraju\u00ed, quanto nas unidades prisionais.<\/p>\n\n\n\n<p>As a\u00e7\u00f5es foram uma parceria entre a Coordenadoria de Sa\u00fade do Sistema Penitenci\u00e1rio (CSSP) e a CRN, e contou com din\u00e2micas, Pilates, caminhadas e muscula\u00e7\u00e3o. Na sede da CRN, por exemplo, os participantes fizeram exerc\u00edcios de alongamento, atividade l\u00fadica e caminhada, conduzidos por profissional de educa\u00e7\u00e3o f\u00edsica.<\/p>\n\n\n\n<p><strong>PILATES E MUSCULA\u00c7\u00c3O<\/strong><\/p>\n\n\n\n<p>Funcion\u00e1rios da Penitenci\u00e1ria I \u201cDr. Walter Faria Pereira de Queiroz\u201d, de Piraju\u00ed, participaram de uma aula de Pilates, ministrada por uma colega de trabalho com forma\u00e7\u00e3o na \u00e1rea e graduanda em Educa\u00e7\u00e3o F\u00edsica. A profissional ainda falou sobre os benef\u00edcios da atividade f\u00edsica, como diminui\u00e7\u00e3o da press\u00e3o arterial, melhora da circula\u00e7\u00e3o sangu\u00ednea e controle de peso, entre outros fatores.<\/p>\n\n\n\n<p><strong>PREVEN\u00c7\u00c3O DO SEDENTARISMO<\/strong><\/p>\n\n\n\n<p>O Dia Mundial da Atividade F\u00edsica foi institu\u00eddo pela Organiza\u00e7\u00e3o Mundial de Sa\u00fade (OMS), visando a preven\u00e7\u00e3o do sedentarismo. Segundo a OMS, a falta de atividade f\u00edsica \u00e9 o quarto principal fator de risco de morte no mundo.<\/p>\n\n\n\n<figure class=\"wp-block-image size-large\"><img loading=\"lazy\" decoding=\"async\" width=\"1024\" height=\"596\" src=\"http:\/\/news.siteinfinito.com.br\/wp-content\/uploads\/2023\/04\/Servidores-da-sede-da-CRN-participaram-de-uma-caminhada-1024x596.jpg\" alt=\"\" class=\"wp-image-1871\" srcset=\"https:\/\/news.siteinfinito.com.br\/wp-content\/uploads\/2023\/04\/Servidores-da-sede-da-CRN-participaram-de-uma-caminhada-1024x596.jpg 1024w, https:\/\/news.siteinfinito.com.br\/wp-content\/uploads\/2023\/04\/Servidores-da-sede-da-CRN-participaram-de-uma-caminhada-300x174.jpg 300w, https:\/\/news.siteinfinito.com.br\/wp-content\/uploads\/2023\/04\/Servidores-da-sede-da-CRN-participaram-de-uma-caminhada-768x447.jpg 768w, https:\/\/news.siteinfinito.com.br\/wp-content\/uploads\/2023\/04\/Servidores-da-sede-da-CRN-participaram-de-uma-caminhada.jpg 1109w\" sizes=\"auto, (max-width: 1024px) 100vw, 1024px\" \/><\/figure>\n\n\n\n<figure class=\"wp-block-image size-full\"><img loading=\"lazy\" decoding=\"async\" width=\"960\" height=\"714\" src=\"http:\/\/news.siteinfinito.com.br\/wp-content\/uploads\/2023\/04\/Funcionarios-da-CRN-fizeram-alongamento-antes-da-caminhada.jpg\" alt=\"\" class=\"wp-image-1872\" srcset=\"https:\/\/news.siteinfinito.com.br\/wp-content\/uploads\/2023\/04\/Funcionarios-da-CRN-fizeram-alongamento-antes-da-caminhada.jpg 960w, https:\/\/news.siteinfinito.com.br\/wp-content\/uploads\/2023\/04\/Funcionarios-da-CRN-fizeram-alongamento-antes-da-caminhada-300x223.jpg 300w, https:\/\/news.siteinfinito.com.br\/wp-content\/uploads\/2023\/04\/Funcionarios-da-CRN-fizeram-alongamento-antes-da-caminhada-768x571.jpg 768w\" sizes=\"auto, (max-width: 960px) 100vw, 960px\" \/><\/figure>\n\n\n\n<p>Fonte e fotos: Marcus Lib\u00f3rio &#8211; Assessoria de Imprensa SAP<\/p>\n","protected":false},"excerpt":{"rendered":"<p>O m\u00eas de abril \u00e9 marcado por a\u00e7\u00f5es ao Dia Mundial da Atividade F\u00edsica, celebrado no \u00faltimo dia 6. Reservada para conscientizar e mobilizar sobre a import\u00e2ncia da pr\u00e1tica regular de exerc\u00edcios f\u00edsicos, a data foi comemorada por servidores da Secretaria da Administra\u00e7\u00e3o Penitenci\u00e1ria (SAP) com diversas atividades, realizadas tanto na sede administrativa da Coordenadoria [&hellip;]<\/p>\n","protected":false},"author":2,"featured_media":1870,"comment_status":"open","ping_status":"open","sticky":false,"template":"","format":"standard","meta":{"om_disable_all_campaigns":false,"_monsterinsights_skip_tracking":false,"_monsterinsights_sitenote_active":false,"_monsterinsights_sitenote_note":"","_monsterinsights_sitenote_category":0,"footnotes":""},"categories":[1,14,15],"tags":[19,20,26,42,32,51],"class_list":["post-1867","post","type-post","status-publish","format-standard","has-post-thumbnail","hentry","category-destaques","category-noticias","category-policial","tag-pirajui","tag-pirajui-2","tag-pirajuinews","tag-policia","tag-policial","tag-saude"],"_links":{"self":[{"href":"https:\/\/news.siteinfinito.com.br\/index.php?rest_route=\/wp\/v2\/posts\/1867","targetHints":{"allow":["GET"]}}],"collection":[{"href":"https:\/\/news.siteinfinito.com.br\/index.php?rest_route=\/wp\/v2\/posts"}],"about":[{"href":"https:\/\/news.siteinfinito.com.br\/index.php?rest_route=\/wp\/v2\/types\/post"}],"author":[{"embeddable":true,"href":"https:\/\/news.siteinfinito.com.br\/index.php?rest_route=\/wp\/v2\/users\/2"}],"replies":[{"embeddable":true,"href":"https:\/\/news.siteinfinito.com.br\/index.php?rest_route=%2Fwp%2Fv2%2Fcomments&post=1867"}],"version-history":[{"count":2,"href":"https:\/\/news.siteinfinito.com.br\/index.php?rest_route=\/wp\/v2\/posts\/1867\/revisions"}],"predecessor-version":[{"id":1873,"href":"https:\/\/news.siteinfinito.com.br\/index.php?rest_route=\/wp\/v2\/posts\/1867\/revisions\/1873"}],"wp:featuredmedia":[{"embeddable":true,"href":"https:\/\/news.siteinfinito.com.br\/index.php?rest_route=\/wp\/v2\/media\/1870"}],"wp:attachment":[{"href":"https:\/\/news.siteinfinito.com.br\/index.php?rest_route=%2Fwp%2Fv2%2Fmedia&parent=1867"}],"wp:term":[{"taxonomy":"category","embeddable":true,"href":"https:\/\/news.siteinfinito.com.br\/index.php?rest_route=%2Fwp%2Fv2%2Fcategories&post=1867"},{"taxonomy":"post_tag","embeddable":true,"href":"https:\/\/news.siteinfinito.com.br\/index.php?rest_route=%2Fwp%2Fv2%2Ftags&post=1867"}],"curies":[{"name":"wp","href":"https:\/\/api.w.org\/{rel}","templated":true}]}}