{"id":1579,"date":"2023-04-14T07:14:29","date_gmt":"2023-04-14T10:14:29","guid":{"rendered":"https:\/\/news.siteinfinito.com.br\/?p=1579"},"modified":"2023-04-14T07:14:29","modified_gmt":"2023-04-14T10:14:29","slug":"oficina-de-corte-e-costura-e-inaugurada-em-penitenciaria-2-de-pirajui","status":"publish","type":"post","link":"https:\/\/news.siteinfinito.com.br\/?p=1579","title":{"rendered":"Oficina de corte e costura \u00e9 inaugurada em Penitenci\u00e1ria 2 de Piraju\u00ed"},"content":{"rendered":"\n<p>Reeducandos da Penitenci\u00e1ria II \u201cLuiz Gonzaga Vieira\u201d, de Piraju\u00ed, ir\u00e3o aprender t\u00e9cnicas de corte e costura industrial enquanto estiverem cumprindo pena. O projeto, promovido pela Secretaria da Administra\u00e7\u00e3o Penitenci\u00e1ria (SAP), por meio da Coordenadoria de Reintegra\u00e7\u00e3o Social e Cidadania, visa capacitar os apenados por meio de cursos profissionalizantes.<\/p>\n\n\n\n<p>A forma\u00e7\u00e3o especializada permitir\u00e1 a utiliza\u00e7\u00e3o da oficina para a fabrica\u00e7\u00e3o de roupas e materiais t\u00eaxtil, gerando vagas de trabalho na unidade prisional. Al\u00e9m disso, ser\u00e1 importante para a futura reinser\u00e7\u00e3o no mercado de trabalho dos presos beneficiados.&nbsp;<\/p>\n\n\n\n<p>Fonte: Assessoria de Imprensa da SAP<\/p>\n\n\n\n<p>Fotos: Marcus Lib\u00f3rio\/SAP<\/p>\n","protected":false},"excerpt":{"rendered":"<p>Reeducandos da Penitenci\u00e1ria II \u201cLuiz Gonzaga Vieira\u201d, de Piraju\u00ed, ir\u00e3o aprender t\u00e9cnicas de corte e costura industrial enquanto estiverem cumprindo pena. O projeto, promovido pela Secretaria da Administra\u00e7\u00e3o Penitenci\u00e1ria (SAP), por meio da Coordenadoria de Reintegra\u00e7\u00e3o Social e Cidadania, visa capacitar os apenados por meio de cursos profissionalizantes. A forma\u00e7\u00e3o especializada permitir\u00e1 a utiliza\u00e7\u00e3o da [&hellip;]<\/p>\n","protected":false},"author":2,"featured_media":1580,"comment_status":"open","ping_status":"open","sticky":false,"template":"","format":"standard","meta":{"om_disable_all_campaigns":false,"_monsterinsights_skip_tracking":false,"_monsterinsights_sitenote_active":false,"_monsterinsights_sitenote_note":"","_monsterinsights_sitenote_category":0,"footnotes":""},"categories":[1,8,14],"tags":[19,26,42,32,33],"class_list":["post-1579","post","type-post","status-publish","format-standard","has-post-thumbnail","hentry","category-destaques","category-eventos","category-noticias","tag-pirajui","tag-pirajuinews","tag-policia","tag-policial","tag-presidio"],"_links":{"self":[{"href":"https:\/\/news.siteinfinito.com.br\/index.php?rest_route=\/wp\/v2\/posts\/1579","targetHints":{"allow":["GET"]}}],"collection":[{"href":"https:\/\/news.siteinfinito.com.br\/index.php?rest_route=\/wp\/v2\/posts"}],"about":[{"href":"https:\/\/news.siteinfinito.com.br\/index.php?rest_route=\/wp\/v2\/types\/post"}],"author":[{"embeddable":true,"href":"https:\/\/news.siteinfinito.com.br\/index.php?rest_route=\/wp\/v2\/users\/2"}],"replies":[{"embeddable":true,"href":"https:\/\/news.siteinfinito.com.br\/index.php?rest_route=%2Fwp%2Fv2%2Fcomments&post=1579"}],"version-history":[{"count":1,"href":"https:\/\/news.siteinfinito.com.br\/index.php?rest_route=\/wp\/v2\/posts\/1579\/revisions"}],"predecessor-version":[{"id":1581,"href":"https:\/\/news.siteinfinito.com.br\/index.php?rest_route=\/wp\/v2\/posts\/1579\/revisions\/1581"}],"wp:featuredmedia":[{"embeddable":true,"href":"https:\/\/news.siteinfinito.com.br\/index.php?rest_route=\/wp\/v2\/media\/1580"}],"wp:attachment":[{"href":"https:\/\/news.siteinfinito.com.br\/index.php?rest_route=%2Fwp%2Fv2%2Fmedia&parent=1579"}],"wp:term":[{"taxonomy":"category","embeddable":true,"href":"https:\/\/news.siteinfinito.com.br\/index.php?rest_route=%2Fwp%2Fv2%2Fcategories&post=1579"},{"taxonomy":"post_tag","embeddable":true,"href":"https:\/\/news.siteinfinito.com.br\/index.php?rest_route=%2Fwp%2Fv2%2Ftags&post=1579"}],"curies":[{"name":"wp","href":"https:\/\/api.w.org\/{rel}","templated":true}]}}