{"id":1369,"date":"2023-04-10T17:17:43","date_gmt":"2023-04-10T20:17:43","guid":{"rendered":"https:\/\/news.siteinfinito.com.br\/?p=1369"},"modified":"2023-04-10T17:17:43","modified_gmt":"2023-04-10T20:17:43","slug":"estudante-entra-com-faca-em-escola-de-reginopolis-agride-colega-e-ameaca-diretora","status":"publish","type":"post","link":"https:\/\/news.siteinfinito.com.br\/?p=1369","title":{"rendered":"Estudante entra com faca em escola de Regin\u00f3polis, agride colega e amea\u00e7a diretora"},"content":{"rendered":"\n<p>De acordo com o Boletim de Ocorr\u00eancia registrado pela Pol\u00edcia Civil, um aluno de 13 anos feriu outro estudante com uma faca na Escola Estadual \u201cProf. Carlos Correa Vianna\u201d, em Regin\u00f3polis, nesta segunda-feira (10). O corte foi feito no bra\u00e7o do outro menino e teria sido superficial.<\/p>\n\n\n\n<p>Ainda, segundo a pol\u00edcia, o adolescente tamb\u00e9m teria amea\u00e7ado a vice-diretora do col\u00e9gio com o objeto. Logo depois, ele disse que a amea\u00e7a era uma \u201cbrincadeira\u201d e abaixou a arma branca.<\/p>\n\n\n\n<p>A coordena\u00e7\u00e3o da escola acionou a Pol\u00edcia Militar que retirou o adolescente e o levou at\u00e9 a delegacia local.&nbsp;<\/p>\n\n\n\n<p>O caso movimentou a pequena cidade de Regin\u00f3polis. Os pais foram \u00e0s pressas at\u00e9 a escola buscar seus filhos.&nbsp;<\/p>\n\n\n\n<p>Com informa\u00e7\u00f5es da Pol\u00edcia Civil.<\/p>\n\n\n\n<p>Foto: Divulga\u00e7\u00e3o Redes Sociais <\/p>\n\n\n\n<p><\/p>\n","protected":false},"excerpt":{"rendered":"<p>De acordo com o Boletim de Ocorr\u00eancia registrado pela Pol\u00edcia Civil, um aluno de 13 anos feriu outro estudante com uma faca na Escola Estadual \u201cProf. Carlos Correa Vianna\u201d, em Regin\u00f3polis, nesta segunda-feira (10). O corte foi feito no bra\u00e7o do outro menino e teria sido superficial. Ainda, segundo a pol\u00edcia, o adolescente tamb\u00e9m teria [&hellip;]<\/p>\n","protected":false},"author":2,"featured_media":1370,"comment_status":"open","ping_status":"open","sticky":false,"template":"","format":"standard","meta":{"om_disable_all_campaigns":false,"_monsterinsights_skip_tracking":false,"_monsterinsights_sitenote_active":false,"_monsterinsights_sitenote_note":"","_monsterinsights_sitenote_category":0,"footnotes":""},"categories":[1,14,15],"tags":[26,42,32,21],"class_list":["post-1369","post","type-post","status-publish","format-standard","has-post-thumbnail","hentry","category-destaques","category-noticias","category-policial","tag-pirajuinews","tag-policia","tag-policial","tag-reginopolis-2"],"_links":{"self":[{"href":"https:\/\/news.siteinfinito.com.br\/index.php?rest_route=\/wp\/v2\/posts\/1369","targetHints":{"allow":["GET"]}}],"collection":[{"href":"https:\/\/news.siteinfinito.com.br\/index.php?rest_route=\/wp\/v2\/posts"}],"about":[{"href":"https:\/\/news.siteinfinito.com.br\/index.php?rest_route=\/wp\/v2\/types\/post"}],"author":[{"embeddable":true,"href":"https:\/\/news.siteinfinito.com.br\/index.php?rest_route=\/wp\/v2\/users\/2"}],"replies":[{"embeddable":true,"href":"https:\/\/news.siteinfinito.com.br\/index.php?rest_route=%2Fwp%2Fv2%2Fcomments&post=1369"}],"version-history":[{"count":1,"href":"https:\/\/news.siteinfinito.com.br\/index.php?rest_route=\/wp\/v2\/posts\/1369\/revisions"}],"predecessor-version":[{"id":1371,"href":"https:\/\/news.siteinfinito.com.br\/index.php?rest_route=\/wp\/v2\/posts\/1369\/revisions\/1371"}],"wp:featuredmedia":[{"embeddable":true,"href":"https:\/\/news.siteinfinito.com.br\/index.php?rest_route=\/wp\/v2\/media\/1370"}],"wp:attachment":[{"href":"https:\/\/news.siteinfinito.com.br\/index.php?rest_route=%2Fwp%2Fv2%2Fmedia&parent=1369"}],"wp:term":[{"taxonomy":"category","embeddable":true,"href":"https:\/\/news.siteinfinito.com.br\/index.php?rest_route=%2Fwp%2Fv2%2Fcategories&post=1369"},{"taxonomy":"post_tag","embeddable":true,"href":"https:\/\/news.siteinfinito.com.br\/index.php?rest_route=%2Fwp%2Fv2%2Ftags&post=1369"}],"curies":[{"name":"wp","href":"https:\/\/api.w.org\/{rel}","templated":true}]}}